{"id":4612,"date":"2022-06-10T11:09:48","date_gmt":"2022-06-10T11:09:48","guid":{"rendered":"https:\/\/forafrika.uwebdev.ch\/?p=4612"},"modified":"2023-09-27T07:56:35","modified_gmt":"2023-09-27T07:56:35","slug":"eurico","status":"publish","type":"post","link":"https:\/\/forafrika.ch\/en\/news-ernaehrung\/eurico\/","title":{"rendered":"Eurico &#8211; Durch eine Sch\u00fcssel Brei zur IT-Karriere"},"content":{"rendered":"\t\t<div data-elementor-type=\"wp-post\" data-elementor-id=\"4612\" class=\"elementor elementor-4612\" data-elementor-post-type=\"post\">\n\t\t\t\t\t\t<section class=\"elementor-section elementor-top-section elementor-element elementor-element-45e70600 elementor-section-boxed elementor-section-height-default elementor-section-height-default\" data-id=\"45e70600\" data-element_type=\"section\" data-e-type=\"section\">\n\t\t\t\t\t\t<div class=\"elementor-container elementor-column-gap-default\">\n\t\t\t\t\t<div class=\"elementor-column elementor-col-100 elementor-top-column elementor-element elementor-element-78931c00\" data-id=\"78931c00\" data-element_type=\"column\" data-e-type=\"column\">\n\t\t\t<div class=\"elementor-widget-wrap elementor-element-populated\">\n\t\t\t\t\t\t<div class=\"elementor-element elementor-element-9e06447 elementor-widget__width-auto elementor-widget elementor-widget-heading\" data-id=\"9e06447\" data-element_type=\"widget\" data-e-type=\"widget\" data-widget_type=\"heading.default\">\n\t\t\t\t<div class=\"elementor-widget-container\">\n\t\t\t\t\t<p class=\"elementor-heading-title elementor-size-default\">10. June 2022<\/p>\t\t\t\t<\/div>\n\t\t\t\t<\/div>\n\t\t\t\t<div class=\"elementor-element elementor-element-28beae36 elementor-widget elementor-widget-heading\" data-id=\"28beae36\" data-element_type=\"widget\" data-e-type=\"widget\" data-widget_type=\"heading.default\">\n\t\t\t\t<div class=\"elementor-widget-container\">\n\t\t\t\t\t<h1 class=\"elementor-heading-title elementor-size-default\">Eurico &#8211; Durch eine Sch\u00fcssel Brei zur IT-Karriere<\/h1>\t\t\t\t<\/div>\n\t\t\t\t<\/div>\n\t\t\t\t\t<\/div>\n\t\t<\/div>\n\t\t\t\t\t<\/div>\n\t\t<\/section>\n\t\t\t\t<section class=\"elementor-section elementor-top-section elementor-element elementor-element-73572b99 elementor-section-boxed elementor-section-height-default elementor-section-height-default\" data-id=\"73572b99\" data-element_type=\"section\" data-e-type=\"section\">\n\t\t\t\t\t\t<div class=\"elementor-container elementor-column-gap-default\">\n\t\t\t\t\t<div class=\"elementor-column elementor-col-100 elementor-top-column elementor-element elementor-element-7298d26e\" data-id=\"7298d26e\" data-element_type=\"column\" data-e-type=\"column\">\n\t\t\t<div class=\"elementor-widget-wrap elementor-element-populated\">\n\t\t\t\t\t\t<div class=\"elementor-element elementor-element-7318fb6b elementor-widget elementor-widget-spacer\" data-id=\"7318fb6b\" data-element_type=\"widget\" data-e-type=\"widget\" data-widget_type=\"spacer.default\">\n\t\t\t\t<div class=\"elementor-widget-container\">\n\t\t\t\t\t\t\t<div class=\"elementor-spacer\">\n\t\t\t<div class=\"elementor-spacer-inner\"><\/div>\n\t\t<\/div>\n\t\t\t\t\t\t<\/div>\n\t\t\t\t<\/div>\n\t\t\t\t\t<\/div>\n\t\t<\/div>\n\t\t\t\t\t<\/div>\n\t\t<\/section>\n\t\t\t\t<section class=\"elementor-section elementor-top-section elementor-element elementor-element-1d5c3974 hero-einleitung elementor-section-boxed elementor-section-height-default elementor-section-height-default\" data-id=\"1d5c3974\" data-element_type=\"section\" data-e-type=\"section\">\n\t\t\t\t\t\t<div class=\"elementor-container elementor-column-gap-default\">\n\t\t\t\t\t<div class=\"elementor-column elementor-col-100 elementor-top-column elementor-element elementor-element-4daffe6a\" data-id=\"4daffe6a\" data-element_type=\"column\" data-e-type=\"column\">\n\t\t\t<div class=\"elementor-widget-wrap elementor-element-populated\">\n\t\t\t\t\t\t<div class=\"elementor-element elementor-element-1836a92c elementor-widget elementor-widget-heading\" data-id=\"1836a92c\" data-element_type=\"widget\" data-e-type=\"widget\" data-widget_type=\"heading.default\">\n\t\t\t\t<div class=\"elementor-widget-container\">\n\t\t\t\t\t<h3 class=\"elementor-heading-title elementor-size-large\">\"Ich kann mir meine Kindheit ohne die Hilfe von ForAfrika nicht vorstellen. Ich glaube, sie kam genau zum richtigen Zeitpunkt, um unser Leben zu beeinflussen \u2013 ohne sie w\u00e4re ich wahrscheinlich krank geworden oder w\u00e4re v\u00f6llig abgedriftet.\" - Eurico Alberto<\/h3>\t\t\t\t<\/div>\n\t\t\t\t<\/div>\n\t\t\t\t<div class=\"elementor-element elementor-element-4402282f elementor-widget elementor-widget-text-editor\" data-id=\"4402282f\" data-element_type=\"widget\" data-e-type=\"widget\" data-widget_type=\"text-editor.default\">\n\t\t\t\t<div class=\"elementor-widget-container\">\n\t\t\t\t\t\t\t\t\t<div class=\"col-lg-4 col-md-4\"><div class=\"container\"><div class=\"row\"><div class=\"col-sm-12\"><div class=\"container\"><div class=\"row\"><div class=\"col-sm-12\"><div class=\"container\"><div class=\"row\"><div class=\"col-sm-12\"><div class=\"row\"><div class=\"col-sm-8\"><p>Mitten in den traumatischen Ereignissen des\u00a0B\u00fcrgerkrieges\u00a0wurde\u00a0Eurico Alberto\u00a01989 in der Provinz Benguela\u00a0in Angola\u00a0geboren. Der tobende Krieg zwang die Familie zur Flucht. Er erinnert sich an\u00a0schlaflose N\u00e4chte\u00a0und die\u00a0Angst\u00a0vor den K\u00e4mpfen und an seinen\u00a0Hunger, da der Familie schlichtweg die Nahrung fehlte.\u00a0<\/p><p>Nach einer Weile zog er mit der Familie wieder in sein Dorf Lobito zur\u00fcck. Seine Eltern waren verzweifelt. Wie k\u00f6nnten sie jetzt bloss eine Zukunft f\u00fcr ihre Kinder aufbauen? Schliesslich mussten sie den Grossteil ihres Besitzes aus Not verkaufen.<\/p><p>Doch als\u00a0ForAfrika\u00a0an Euricos\u00a0Schule in Lobito mit dem\u00a0Ern\u00e4hrungsprogramm\u00a0startete,\u00a0ver\u00e4nderte sich seine Situation schlagartig zum Besseren. Dies half ihm nicht nur den Hunger zu stillen und wieder Kraft zu sammeln, sondern auch aufnahmef\u00e4hig f\u00fcr den Unterricht zu werden.<\/p><p>&#8220;Viele von uns nutzten die Chance, lernten und erwarben Kenntnisse, die uns ein Leben lang helfen werden&#8221;, erz\u00e4hlt der heute 32-J\u00e4hrige erfreut. &#8220;Ich\u00a0kann mir meine Kindheit ohne die Hilfe von ForAfrika\u00a0nicht vorstellen. Ich glaube, sie kam genau zum richtigen Zeitpunkt, um unser Leben zu beeinflussen \u2013 ohne sie w\u00e4re ich wahrscheinlich krank geworden oder w\u00e4re v\u00f6llig abgedriftet&#8221;, erz\u00e4hlt der junge Mann. Abgedriftet ist Eurico keineswegs. Er lernte gut und\u00a0studierte anschliessend IT.<\/p><\/div><div class=\"col-sm-4\">Vor einigen Jahren bewarb er sich f\u00fcr eine IT-Position in einer Hilfsorganisation mit dem Ziel, anderen Menschen zu helfen, so wie auch er Hilfe erfahren hatte. Erst als er die roten Schalen erblickte, wurde ihm klar, dass die Organisation, f\u00fcr die er sich bewarb, dieselbe war, von der er damals als Kind zu essen bekommen hatte. &#8220;Ich war schockiert und konnte meine Beine beim Anblick der roten Schalen, die jahrelang mein t\u00e4gliches Brot waren, kaum noch bewegen.&#8221;\u00a0<\/div><\/div><\/div><\/div><\/div><div class=\"container\"><div class=\"row\"><div class=\"col-sm-12\"><p>Heute arbeitet Euricio bei ForAfrika\u00a0Angola und ist unser Arbeitskollege. Neben IT-Aufgaben ist er auch regelm\u00e4ssig im Feld unterwegs, monitort Schulen und Brunnen im Bezirk Boccoio und\u00a0investiert sich mit Herzblut in die Entwicklung seines Landes. Dazu meint er: &#8220;Ich danke ForAfrika daf\u00fcr, dass sie mir zuerst Nahrung und dann die M\u00f6glichkeit gegeben haben, anderen zu helfen; ich habe entdeckt, wie viel Freude es macht, anderen zu helfen. Ich geniesse meine Arbeit sehr!&#8221;<\/p><\/div><\/div><\/div><\/div><\/div><\/div><\/div><\/div><\/div><\/div>\t\t\t\t\t\t\t\t<\/div>\n\t\t\t\t<\/div>\n\t\t\t\t\t<\/div>\n\t\t<\/div>\n\t\t\t\t\t<\/div>\n\t\t<\/section>\n\t\t\t\t<section class=\"elementor-section elementor-top-section elementor-element elementor-element-2097737 elementor-section-boxed elementor-section-height-default elementor-section-height-default\" data-id=\"2097737\" data-element_type=\"section\" data-e-type=\"section\">\n\t\t\t\t\t\t<div class=\"elementor-container elementor-column-gap-default\">\n\t\t\t\t\t<div class=\"elementor-column elementor-col-50 elementor-top-column elementor-element elementor-element-744d45f1\" data-id=\"744d45f1\" data-element_type=\"column\" data-e-type=\"column\">\n\t\t\t<div class=\"elementor-widget-wrap elementor-element-populated\">\n\t\t\t\t\t\t<div class=\"elementor-element elementor-element-33026b23 elementor-widget elementor-widget-image\" data-id=\"33026b23\" data-element_type=\"widget\" data-e-type=\"widget\" data-widget_type=\"image.default\">\n\t\t\t\t<div class=\"elementor-widget-container\">\n\t\t\t\t\t\t\t\t\t\t\t\t\t\t\t<img fetchpriority=\"high\" decoding=\"async\" width=\"800\" height=\"534\" src=\"https:\/\/forafrika.ch\/wp-content\/uploads\/2022\/04\/Eurico-Alberto-AngolaDSC01585_1919x1080-1024x683.jpg\" class=\"attachment-large size-large wp-image-9461\" alt=\"Eurico ForAfrika Mitarbeiter Successstory\" srcset=\"https:\/\/forafrika.ch\/wp-content\/uploads\/2022\/04\/Eurico-Alberto-AngolaDSC01585_1919x1080-1024x683.jpg 1024w, https:\/\/forafrika.ch\/wp-content\/uploads\/2022\/04\/Eurico-Alberto-AngolaDSC01585_1919x1080-300x200.jpg 300w, https:\/\/forafrika.ch\/wp-content\/uploads\/2022\/04\/Eurico-Alberto-AngolaDSC01585_1919x1080-768x512.jpg 768w, https:\/\/forafrika.ch\/wp-content\/uploads\/2022\/04\/Eurico-Alberto-AngolaDSC01585_1919x1080-1536x1024.jpg 1536w, https:\/\/forafrika.ch\/wp-content\/uploads\/2022\/04\/Eurico-Alberto-AngolaDSC01585_1919x1080.jpg 1620w\" sizes=\"(max-width: 800px) 100vw, 800px\" \/>\t\t\t\t\t\t\t\t\t\t\t\t\t\t\t<\/div>\n\t\t\t\t<\/div>\n\t\t\t\t<div class=\"elementor-element elementor-element-5273cbdf elementor-widget elementor-widget-text-editor\" data-id=\"5273cbdf\" data-element_type=\"widget\" data-e-type=\"widget\" data-widget_type=\"text-editor.default\">\n\t\t\t\t<div class=\"elementor-widget-container\">\n\t\t\t\t\t\t\t\t\t<p>Eurico (rechts) auf einem Feldeinsatz<\/p>\t\t\t\t\t\t\t\t<\/div>\n\t\t\t\t<\/div>\n\t\t\t\t\t<\/div>\n\t\t<\/div>\n\t\t\t\t<div class=\"elementor-column elementor-col-50 elementor-top-column elementor-element elementor-element-1e50f715\" data-id=\"1e50f715\" data-element_type=\"column\" data-e-type=\"column\">\n\t\t\t<div class=\"elementor-widget-wrap elementor-element-populated\">\n\t\t\t\t\t\t<div class=\"elementor-element elementor-element-16e9ad86 elementor-widget elementor-widget-image\" data-id=\"16e9ad86\" data-element_type=\"widget\" data-e-type=\"widget\" data-widget_type=\"image.default\">\n\t\t\t\t<div class=\"elementor-widget-container\">\n\t\t\t\t\t\t\t\t\t\t\t\t\t\t\t<img decoding=\"async\" width=\"800\" height=\"600\" src=\"https:\/\/forafrika.ch\/wp-content\/uploads\/2023\/01\/Eurico-Alberto-Angola20200930_113638_1440x1080-1024x768.jpg\" class=\"attachment-large size-large wp-image-9450\" alt=\"\" srcset=\"https:\/\/forafrika.ch\/wp-content\/uploads\/2023\/01\/Eurico-Alberto-Angola20200930_113638_1440x1080-1024x768.jpg 1024w, https:\/\/forafrika.ch\/wp-content\/uploads\/2023\/01\/Eurico-Alberto-Angola20200930_113638_1440x1080-300x225.jpg 300w, https:\/\/forafrika.ch\/wp-content\/uploads\/2023\/01\/Eurico-Alberto-Angola20200930_113638_1440x1080-768x576.jpg 768w, https:\/\/forafrika.ch\/wp-content\/uploads\/2023\/01\/Eurico-Alberto-Angola20200930_113638_1440x1080.jpg 1440w\" sizes=\"(max-width: 800px) 100vw, 800px\" \/>\t\t\t\t\t\t\t\t\t\t\t\t\t\t\t<\/div>\n\t\t\t\t<\/div>\n\t\t\t\t<div class=\"elementor-element elementor-element-691680f0 elementor-widget elementor-widget-text-editor\" data-id=\"691680f0\" data-element_type=\"widget\" data-e-type=\"widget\" data-widget_type=\"text-editor.default\">\n\t\t\t\t<div class=\"elementor-widget-container\">\n\t\t\t\t\t\t\t\t\t<p>Eurico instruiert und schult Erwachsene<\/p>\t\t\t\t\t\t\t\t<\/div>\n\t\t\t\t<\/div>\n\t\t\t\t\t<\/div>\n\t\t<\/div>\n\t\t\t\t\t<\/div>\n\t\t<\/section>\n\t\t\t\t<section class=\"elementor-section elementor-top-section elementor-element elementor-element-3328e73c elementor-section-boxed elementor-section-height-default elementor-section-height-default\" data-id=\"3328e73c\" data-element_type=\"section\" data-e-type=\"section\" data-settings=\"{&quot;background_background&quot;:&quot;classic&quot;}\">\n\t\t\t\t\t\t<div class=\"elementor-container elementor-column-gap-default\">\n\t\t\t\t\t<div class=\"elementor-column elementor-col-100 elementor-top-column elementor-element elementor-element-15cb051a\" data-id=\"15cb051a\" data-element_type=\"column\" data-e-type=\"column\">\n\t\t\t<div class=\"elementor-widget-wrap elementor-element-populated\">\n\t\t\t\t\t\t<div class=\"elementor-element elementor-element-6c5af3d5 elementor-widget elementor-widget-heading\" data-id=\"6c5af3d5\" data-element_type=\"widget\" data-e-type=\"widget\" data-widget_type=\"heading.default\">\n\t\t\t\t<div class=\"elementor-widget-container\">\n\t\t\t\t\t<h2 class=\"elementor-heading-title elementor-size-default\">Jetzt spenden.<\/h2>\t\t\t\t<\/div>\n\t\t\t\t<\/div>\n\t\t\t\t<div class=\"elementor-element elementor-element-30672bae elementor-widget__width-initial elementor-widget elementor-widget-text-editor\" data-id=\"30672bae\" data-element_type=\"widget\" data-e-type=\"widget\" data-widget_type=\"text-editor.default\">\n\t\t\t\t<div class=\"elementor-widget-container\">\n\t\t\t\t\t\t\t\t\t<p>Spenden Sie jetzt und schenken Sie Schulkindern die M\u00f6glichkeit auf eine bessere Zukunft. Nur schon 114 CHF pro Jahr reichen, um ein Schulkind an jedem Schultag zu ern\u00e4hren.<\/p><p>Spenden an Schweiz ForAfrika sind von den Steuern abziehbar.<\/p>\t\t\t\t\t\t\t\t<\/div>\n\t\t\t\t<\/div>\n\t\t\t\t<section class=\"elementor-section elementor-inner-section elementor-element elementor-element-1e6f436 elementor-section-boxed elementor-section-height-default elementor-section-height-default\" data-id=\"1e6f436\" data-element_type=\"section\" data-e-type=\"section\">\n\t\t\t\t\t\t<div class=\"elementor-container elementor-column-gap-default\">\n\t\t\t\t\t<div class=\"elementor-column elementor-col-50 elementor-inner-column elementor-element elementor-element-855e230\" data-id=\"855e230\" data-element_type=\"column\" data-e-type=\"column\">\n\t\t\t<div class=\"elementor-widget-wrap elementor-element-populated\">\n\t\t\t\t\t\t<div class=\"elementor-element elementor-element-1afa38c5 elementor-widget elementor-widget-heading\" data-id=\"1afa38c5\" data-element_type=\"widget\" data-e-type=\"widget\" data-widget_type=\"heading.default\">\n\t\t\t\t<div class=\"elementor-widget-container\">\n\t\t\t\t\t<h3 class=\"elementor-heading-title elementor-size-default\">Schulpatenschaft<\/h3>\t\t\t\t<\/div>\n\t\t\t\t<\/div>\n\t\t\t\t<div class=\"elementor-element elementor-element-3eb23011 elementor-widget elementor-widget-html\" data-id=\"3eb23011\" data-element_type=\"widget\" data-e-type=\"widget\" data-widget_type=\"html.default\">\n\t\t\t\t<div class=\"elementor-widget-container\">\n\t\t\t\t\t<div class=\"btns\" style=\" text-align: right;\">\n    <a class=\"btn btn-payrexx btn-payrexx-modal\" href=\"https:\/\/jamschweiz.payrexx.com\/de\/pay?tid=bf06139d&amp;invoice_amount=19&amp;invoice_number=Ern\u00e4hrung-Patenschaft (News Eurico)\" data-href=\"https:\/\/jamschweiz.payrexx.com\/de\/pay?tid=bf06139d&amp;invoice_amount=19&amp;invoice_number=Ern\u00e4hrung-Patenschaft (News Eurico)\" data- target=\"_blank\" rel=\"noopener\">CHF 19\n        <span>2 Kinder<\/span>\n    <\/a>\n    <a class=\"btn btn-payrexx btn-payrexx-modal\" href=\"https:\/\/jamschweiz.payrexx.com\/de\/pay?tid=bf06139d&amp;invoice_amount=38&amp;invoice_number=Ern\u00e4hrung-Patenschaft (News Eurico)\" data-href=\"https:\/\/jamschweiz.payrexx.com\/de\/pay?tid=bf06139d&amp;invoice_amount=38&amp;invoice_number=Ern\u00e4hrung-Patenschaft (News Eurico)\" data- target=\"_blank\" rel=\"noopener\">CHF 38\n    <span>4 Kinder<\/span>\n    <\/a>\n<a class=\"btn btn-payrexx btn-payrexx-modal\" href=\"https:\/\/jamschweiz.payrexx.com\/de\/pay?tid=bf06139d&amp;invoice_amount=76&amp;invoice_number=Ern\u00e4hrung-Patenschaft (News Eurico)\" data-href=\"https:\/\/jamschweiz.payrexx.com\/de\/pay?tid=bf06139d&amp;invoice_amount=76&amp;invoice_number=Ern\u00e4hrung-Patenschaft (News Eurico)\" data- target=\"_blank\" rel=\"noopener\">CHF 76\n    <span>8 Kinder<\/span>\n    <\/a>\n    <a class=\"btn btn-payrexx btn-payrexx-modal\" href=\"https:\/\/jamschweiz.payrexx.com\/de\/pay?tid=bf06139d&amp;invoice_number=Ern\u00e4hrung-Patenschaft (News Eurico)\" data-href=\"https:\/\/jamschweiz.payrexx.com\/de\/pay?tid=bf06139d&amp;invoice_number=Ern\u00e4hrung-Patenschaft (News Eurico)\" data- target=\"_blank\" rel=\"noopener\">Freier Betrag<\/a>\n<\/div>\n\t\t\t\t<\/div>\n\t\t\t\t<\/div>\n\t\t\t\t<div class=\"elementor-element elementor-element-69e89f38 elementor-widget elementor-widget-text-editor\" data-id=\"69e89f38\" data-element_type=\"widget\" data-e-type=\"widget\" data-widget_type=\"text-editor.default\">\n\t\t\t\t<div class=\"elementor-widget-container\">\n\t\t\t\t\t\t\t\t\t<p>Betrag pro Monat<\/p>\t\t\t\t\t\t\t\t<\/div>\n\t\t\t\t<\/div>\n\t\t\t\t\t<\/div>\n\t\t<\/div>\n\t\t\t\t<div class=\"elementor-column elementor-col-50 elementor-inner-column elementor-element elementor-element-eeb1516\" data-id=\"eeb1516\" data-element_type=\"column\" data-e-type=\"column\">\n\t\t\t<div class=\"elementor-widget-wrap elementor-element-populated\">\n\t\t\t\t\t\t<div class=\"elementor-element elementor-element-4ac40313 elementor-widget elementor-widget-heading\" data-id=\"4ac40313\" data-element_type=\"widget\" data-e-type=\"widget\" data-widget_type=\"heading.default\">\n\t\t\t\t<div class=\"elementor-widget-container\">\n\t\t\t\t\t<h3 class=\"elementor-heading-title elementor-size-default\">Einmalige Spende<\/h3>\t\t\t\t<\/div>\n\t\t\t\t<\/div>\n\t\t\t\t<div class=\"elementor-element elementor-element-4b0476c9 elementor-widget elementor-widget-html\" data-id=\"4b0476c9\" data-element_type=\"widget\" data-e-type=\"widget\" data-widget_type=\"html.default\">\n\t\t\t\t<div class=\"elementor-widget-container\">\n\t\t\t\t\t<div class=\"btns nospan\" style=\" text-align: left;\">\n    <a class=\"btn btn-payrexx btn-payrexx-modal\" href=\"https:\/\/jamschweiz.payrexx.com\/de\/pay?tid=9071ac5a&amp;invoice_amount=57&amp;invoice_number=Spende f\u00fcr Ern\u00e4hrung (News Eurico)\" data-href=\"https:\/\/jamschweiz.payrexx.com\/de\/pay?tid=9071ac5a&amp;invoice_amount=57&amp;invoice_number=Spende f\u00fcr Ern\u00e4hrung (News Eurico)\" data- target=\"_blank\" rel=\"noopener\">CHF 57<span>1 Kind\/Semester<\/span>\n    <\/a>\n    \n    <a class=\"btn btn-payrexx btn-payrexx-modal\" href=\"https:\/\/jamschweiz.payrexx.com\/de\/pay?tid=9071ac5a&amp;invoice_amount=114&amp;invoice_number=Spende f\u00fcr Ern\u00e4hrung (News Eurico)\" data-href=\"https:\/\/jamschweiz.payrexx.com\/de\/pay?tid=9071ac5a&amp;invoice_amount=114&amp;invoice_number=Spende f\u00fcr Ern\u00e4hrung (News Eurico)\" data- target=\"_blank\" rel=\"noopener\">CHF 114<span>1 Kind\/Jahr<\/span>\n    <\/a>\n    \n    <a class=\"btn btn-payrexx btn-payrexx-modal\" href=\"https:\/\/jamschweiz.payrexx.com\/de\/pay?tid=9071ac5a&amp;invoice_amount=342&amp;invoice_number=Spende f\u00fcr Ern\u00e4hrung (News Eurico)\" data-href=\"https:\/\/jamschweiz.payrexx.com\/de\/pay?tid=9071ac5a&amp;invoice_amount=342&amp;invoice_number=Spende f\u00fcr Ern\u00e4hrung (News Eurico)\" data- target=\"_blank\" rel=\"noopener\">CHF 342<span>3 Kinder\/Jahr<\/span>\n    <\/a>\n    \n    <a class=\"btn btn-payrexx btn-payrexx-modal\" href=\"https:\/\/jamschweiz.payrexx.com\/de\/pay?tid=9071ac5a&amp;invoice_amount=&amp;invoice_number=Spende f\u00fcr Ern\u00e4hrung (News Eurico)\" data-href=\"https:\/\/jamschweiz.payrexx.com\/de\/pay?tid=9071ac5a&amp;invoice_amount=&amp;invoice_number=Spende f\u00fcr Ern\u00e4hrung (News Eurico)\" data- target=\"_blank\" rel=\"noopener\">Freier Betrag\n    <\/a>\n    \n<\/div>\n\t\t\t\t<\/div>\n\t\t\t\t<\/div>\n\t\t\t\t<div class=\"elementor-element elementor-element-245bc89d elementor-widget elementor-widget-text-editor\" data-id=\"245bc89d\" data-element_type=\"widget\" data-e-type=\"widget\" data-widget_type=\"text-editor.default\">\n\t\t\t\t<div class=\"elementor-widget-container\">\n\t\t\t\t\t\t\t\t\t<p>Betrag einmalig<\/p>\t\t\t\t\t\t\t\t<\/div>\n\t\t\t\t<\/div>\n\t\t\t\t\t<\/div>\n\t\t<\/div>\n\t\t\t\t\t<\/div>\n\t\t<\/section>\n\t\t\t\t\t<\/div>\n\t\t<\/div>\n\t\t\t\t\t<\/div>\n\t\t<\/section>\n\t\t\t\t<section class=\"elementor-section elementor-top-section elementor-element elementor-element-72fe1bd0 elementor-section-boxed elementor-section-height-default elementor-section-height-default\" data-id=\"72fe1bd0\" data-element_type=\"section\" data-e-type=\"section\">\n\t\t\t\t\t\t<div class=\"elementor-container elementor-column-gap-default\">\n\t\t\t\t\t<div class=\"elementor-column elementor-col-100 elementor-top-column elementor-element elementor-element-419e2d05\" data-id=\"419e2d05\" data-element_type=\"column\" data-e-type=\"column\">\n\t\t\t<div class=\"elementor-widget-wrap elementor-element-populated\">\n\t\t\t\t\t\t<div class=\"elementor-element elementor-element-1b1db24e elementor-widget elementor-widget-heading\" data-id=\"1b1db24e\" data-element_type=\"widget\" data-e-type=\"widget\" data-widget_type=\"heading.default\">\n\t\t\t\t<div class=\"elementor-widget-container\">\n\t\t\t\t\t<h2 class=\"elementor-heading-title elementor-size-default\">Weitere News-Beitr\u00e4ge<\/h2>\t\t\t\t<\/div>\n\t\t\t\t<\/div>\n\t\t\t\t<div class=\"elementor-element elementor-element-6eb4beeb elementor-grid-3 elementor-grid-tablet-2 elementor-grid-mobile-1 elementor-posts--thumbnail-top elementor-widget elementor-widget-posts\" data-id=\"6eb4beeb\" data-element_type=\"widget\" data-e-type=\"widget\" data-settings=\"{&quot;classic_columns&quot;:&quot;3&quot;,&quot;classic_columns_tablet&quot;:&quot;2&quot;,&quot;classic_columns_mobile&quot;:&quot;1&quot;,&quot;classic_row_gap&quot;:{&quot;unit&quot;:&quot;px&quot;,&quot;size&quot;:35,&quot;sizes&quot;:[]},&quot;classic_row_gap_laptop&quot;:{&quot;unit&quot;:&quot;px&quot;,&quot;size&quot;:&quot;&quot;,&quot;sizes&quot;:[]},&quot;classic_row_gap_tablet&quot;:{&quot;unit&quot;:&quot;px&quot;,&quot;size&quot;:&quot;&quot;,&quot;sizes&quot;:[]},&quot;classic_row_gap_mobile&quot;:{&quot;unit&quot;:&quot;px&quot;,&quot;size&quot;:&quot;&quot;,&quot;sizes&quot;:[]}}\" data-widget_type=\"posts.classic\">\n\t\t\t\t<div class=\"elementor-widget-container\">\n\t\t\t\t\t\t\t<div class=\"elementor-posts-container elementor-posts elementor-posts--skin-classic elementor-grid\" role=\"list\">\n\t\t\t\t<article class=\"elementor-post elementor-grid-item post-25142 post type-post status-publish format-standard has-post-thumbnail hentry category-news-schweizforafrika\" role=\"listitem\">\n\t\t\t\t<a class=\"elementor-post__thumbnail__link\" href=\"https:\/\/forafrika.ch\/en\/news-schweizforafrika\/jahresbericht-2025\/\" tabindex=\"-1\">\n\t\t\t<div class=\"elementor-post__thumbnail\"><img decoding=\"async\" width=\"300\" height=\"200\" src=\"https:\/\/forafrika.ch\/wp-content\/uploads\/2026\/04\/patterns-5-300x200.png\" class=\"attachment-medium size-medium wp-image-25155\" alt=\"\" srcset=\"https:\/\/forafrika.ch\/wp-content\/uploads\/2026\/04\/patterns-5-300x200.png 300w, https:\/\/forafrika.ch\/wp-content\/uploads\/2026\/04\/patterns-5-1024x683.png 1024w, https:\/\/forafrika.ch\/wp-content\/uploads\/2026\/04\/patterns-5-768x512.png 768w, https:\/\/forafrika.ch\/wp-content\/uploads\/2026\/04\/patterns-5-1536x1024.png 1536w, https:\/\/forafrika.ch\/wp-content\/uploads\/2026\/04\/patterns-5-2048x1365.png 2048w\" sizes=\"(max-width: 300px) 100vw, 300px\" \/><\/div>\n\t\t<\/a>\n\t\t\t\t<div class=\"elementor-post__text\">\n\t\t\t\t<h3 class=\"elementor-post__title\">\n\t\t\t<a href=\"https:\/\/forafrika.ch\/en\/news-schweizforafrika\/jahresbericht-2025\/\">\n\t\t\t\tJahresbericht 2025\t\t\t<\/a>\n\t\t<\/h3>\n\t\t\t\t<div class=\"elementor-post__meta-data\">\n\t\t\t\t\t<span class=\"elementor-post-date\">\n\t\t\t19. April 2026\t\t<\/span>\n\t\t\t\t<span class=\"elementor-post-avatar\">\n\t\t\tNo Comments\t\t<\/span>\n\t\t\t\t<\/div>\n\t\t\t\t<div class=\"elementor-post__excerpt\">\n\t\t\t<p>Mit grosser Dankbarkeit und Stolz pr\u00e4sentieren wir Ihnen unseren Jahresbericht f\u00fcr das vergangene Jahr. Ein Jahr, das trotz aller Herausforderungen von bemerkenswertem Fortschritt und unerm\u00fcdlichem Engagement gepr\u00e4gt war.\u200b<\/p>\n\t\t<\/div>\n\t\t\n\t\t<a class=\"elementor-post__read-more\" href=\"https:\/\/forafrika.ch\/en\/news-schweizforafrika\/jahresbericht-2025\/\" aria-label=\"Read more about Jahresbericht 2025\" tabindex=\"-1\">\n\t\t\tWeiterlesen \u00bb\t\t<\/a>\n\n\t\t\t\t<\/div>\n\t\t\t\t<\/article>\n\t\t\t\t<article class=\"elementor-post elementor-grid-item post-22490 post type-post status-publish format-standard has-post-thumbnail hentry category-news-landwirtschaft category-news-schweizforafrika category-success-story\" role=\"listitem\">\n\t\t\t\t<a class=\"elementor-post__thumbnail__link\" href=\"https:\/\/forafrika.ch\/en\/news-landwirtschaft\/madalena-traeumt-davon-krankenschwester-zu-werden\/\" tabindex=\"-1\">\n\t\t\t<div class=\"elementor-post__thumbnail\"><img loading=\"lazy\" decoding=\"async\" width=\"300\" height=\"167\" src=\"https:\/\/forafrika.ch\/wp-content\/uploads\/2025\/11\/Madalena-300x167.png\" class=\"attachment-medium size-medium wp-image-22492\" alt=\"\" srcset=\"https:\/\/forafrika.ch\/wp-content\/uploads\/2025\/11\/Madalena-300x167.png 300w, https:\/\/forafrika.ch\/wp-content\/uploads\/2025\/11\/Madalena-1024x570.png 1024w, https:\/\/forafrika.ch\/wp-content\/uploads\/2025\/11\/Madalena-768x427.png 768w, https:\/\/forafrika.ch\/wp-content\/uploads\/2025\/11\/Madalena.png 1281w\" sizes=\"(max-width: 300px) 100vw, 300px\" \/><\/div>\n\t\t<\/a>\n\t\t\t\t<div class=\"elementor-post__text\">\n\t\t\t\t<h3 class=\"elementor-post__title\">\n\t\t\t<a href=\"https:\/\/forafrika.ch\/en\/news-landwirtschaft\/madalena-traeumt-davon-krankenschwester-zu-werden\/\">\n\t\t\t\tMadalena tr\u00e4umt davon Krankenschwester zu werden\t\t\t<\/a>\n\t\t<\/h3>\n\t\t\t\t<div class=\"elementor-post__meta-data\">\n\t\t\t\t\t<span class=\"elementor-post-date\">\n\t\t\t22. November 2025\t\t<\/span>\n\t\t\t\t<span class=\"elementor-post-avatar\">\n\t\t\tNo Comments\t\t<\/span>\n\t\t\t\t<\/div>\n\t\t\t\t<div class=\"elementor-post__excerpt\">\n\t\t\t<p>Die elfj\u00e4hrige Madalena lebt mit ihren Eltern und f\u00fcnf Geschwistern in einem Dorf in Angola. Madalenas Schule wird von ForAfrika mit Schulmahlzeiten versorgt.<\/p>\n\t\t<\/div>\n\t\t\n\t\t<a class=\"elementor-post__read-more\" href=\"https:\/\/forafrika.ch\/en\/news-landwirtschaft\/madalena-traeumt-davon-krankenschwester-zu-werden\/\" aria-label=\"Read more about Madalena tr\u00e4umt davon Krankenschwester zu werden\" tabindex=\"-1\">\n\t\t\tWeiterlesen \u00bb\t\t<\/a>\n\n\t\t\t\t<\/div>\n\t\t\t\t<\/article>\n\t\t\t\t<article class=\"elementor-post elementor-grid-item post-22468 post type-post status-publish format-standard has-post-thumbnail hentry category-news-schweizforafrika category-news-landwirtschaft category-success-story\" role=\"listitem\">\n\t\t\t\t<a class=\"elementor-post__thumbnail__link\" href=\"https:\/\/forafrika.ch\/en\/news-schweizforafrika\/gartenbaukurs\/\" tabindex=\"-1\">\n\t\t\t<div class=\"elementor-post__thumbnail\"><img loading=\"lazy\" decoding=\"async\" width=\"300\" height=\"169\" src=\"https:\/\/forafrika.ch\/wp-content\/uploads\/2025\/11\/WEB_Moz2_Regina_edit_klein-300x169.jpeg\" class=\"attachment-medium size-medium wp-image-22465\" alt=\"\" srcset=\"https:\/\/forafrika.ch\/wp-content\/uploads\/2025\/11\/WEB_Moz2_Regina_edit_klein-300x169.jpeg 300w, https:\/\/forafrika.ch\/wp-content\/uploads\/2025\/11\/WEB_Moz2_Regina_edit_klein-1024x576.jpeg 1024w, https:\/\/forafrika.ch\/wp-content\/uploads\/2025\/11\/WEB_Moz2_Regina_edit_klein-768x432.jpeg 768w, https:\/\/forafrika.ch\/wp-content\/uploads\/2025\/11\/WEB_Moz2_Regina_edit_klein-1536x864.jpeg 1536w, https:\/\/forafrika.ch\/wp-content\/uploads\/2025\/11\/WEB_Moz2_Regina_edit_klein.jpeg 1920w\" sizes=\"(max-width: 300px) 100vw, 300px\" \/><\/div>\n\t\t<\/a>\n\t\t\t\t<div class=\"elementor-post__text\">\n\t\t\t\t<h3 class=\"elementor-post__title\">\n\t\t\t<a href=\"https:\/\/forafrika.ch\/en\/news-schweizforafrika\/gartenbaukurs\/\">\n\t\t\t\tGartenbaukurs f\u00fcr Eltern an der Grundschule\t\t\t<\/a>\n\t\t<\/h3>\n\t\t\t\t<div class=\"elementor-post__meta-data\">\n\t\t\t\t\t<span class=\"elementor-post-date\">\n\t\t\t22. November 2025\t\t<\/span>\n\t\t\t\t<span class=\"elementor-post-avatar\">\n\t\t\tNo Comments\t\t<\/span>\n\t\t\t\t<\/div>\n\t\t\t\t<div class=\"elementor-post__excerpt\">\n\t\t\t<p>Bildung der Kinder tr\u00e4gt Fr\u00fcchte bei Eltern in Mosambik<\/p>\n\t\t<\/div>\n\t\t\n\t\t<a class=\"elementor-post__read-more\" href=\"https:\/\/forafrika.ch\/en\/news-schweizforafrika\/gartenbaukurs\/\" aria-label=\"Read more about Gartenbaukurs f\u00fcr Eltern an der Grundschule\" tabindex=\"-1\">\n\t\t\tWeiterlesen \u00bb\t\t<\/a>\n\n\t\t\t\t<\/div>\n\t\t\t\t<\/article>\n\t\t\t\t<article class=\"elementor-post elementor-grid-item post-22334 post type-post status-publish format-standard has-post-thumbnail hentry category-events category-news-schweizforafrika\" role=\"listitem\">\n\t\t\t\t<a class=\"elementor-post__thumbnail__link\" href=\"https:\/\/forafrika.ch\/en\/news-schweizforafrika\/hikeforafrika2025\/\" tabindex=\"-1\">\n\t\t\t<div class=\"elementor-post__thumbnail\"><img loading=\"lazy\" decoding=\"async\" width=\"300\" height=\"169\" src=\"https:\/\/forafrika.ch\/wp-content\/uploads\/2025\/10\/Hike-300x169.jpg\" class=\"attachment-medium size-medium wp-image-22361\" alt=\"\" srcset=\"https:\/\/forafrika.ch\/wp-content\/uploads\/2025\/10\/Hike-300x169.jpg 300w, https:\/\/forafrika.ch\/wp-content\/uploads\/2025\/10\/Hike-768x432.jpg 768w, https:\/\/forafrika.ch\/wp-content\/uploads\/2025\/10\/Hike.jpg 960w\" sizes=\"(max-width: 300px) 100vw, 300px\" \/><\/div>\n\t\t<\/a>\n\t\t\t\t<div class=\"elementor-post__text\">\n\t\t\t\t<h3 class=\"elementor-post__title\">\n\t\t\t<a href=\"https:\/\/forafrika.ch\/en\/news-schweizforafrika\/hikeforafrika2025\/\">\n\t\t\t\tHike ForAfrika 2025 &#8211; Mehr als 100 Teilnehmende wanderten f\u00fcr Afrika\t\t\t<\/a>\n\t\t<\/h3>\n\t\t\t\t<div class=\"elementor-post__meta-data\">\n\t\t\t\t\t<span class=\"elementor-post-date\">\n\t\t\t12. October 2025\t\t<\/span>\n\t\t\t\t<span class=\"elementor-post-avatar\">\n\t\t\tNo Comments\t\t<\/span>\n\t\t\t\t<\/div>\n\t\t\t\t<div class=\"elementor-post__excerpt\">\n\t\t\t<p>Am 23. August 2025 war es wieder soweit: Der Hike ForAfrika 2025 f\u00fchrte \u00fcber 100 motivierte Teilnehmer:innen rund um den Z\u00fcrichsee \u2013 Schritt f\u00fcr Schritt, mit einem gemeinsamen Ziel: Leben in Afrika nachhaltig zu ver\u00e4ndern.<\/p>\n\t\t<\/div>\n\t\t\n\t\t<a class=\"elementor-post__read-more\" href=\"https:\/\/forafrika.ch\/en\/news-schweizforafrika\/hikeforafrika2025\/\" aria-label=\"Read more about Hike ForAfrika 2025 &#8211; Mehr als 100 Teilnehmende wanderten f\u00fcr Afrika\" tabindex=\"-1\">\n\t\t\tWeiterlesen \u00bb\t\t<\/a>\n\n\t\t\t\t<\/div>\n\t\t\t\t<\/article>\n\t\t\t\t<article class=\"elementor-post elementor-grid-item post-22117 post type-post status-publish format-standard has-post-thumbnail hentry category-news-schweizforafrika\" role=\"listitem\">\n\t\t\t\t<a class=\"elementor-post__thumbnail__link\" href=\"https:\/\/forafrika.ch\/en\/news-schweizforafrika\/jahresbericht-2024\/\" tabindex=\"-1\">\n\t\t\t<div class=\"elementor-post__thumbnail\"><img loading=\"lazy\" decoding=\"async\" width=\"300\" height=\"151\" src=\"https:\/\/forafrika.ch\/wp-content\/uploads\/2025\/09\/Tokollo-300x151.jpg\" class=\"attachment-medium size-medium wp-image-22172\" alt=\"\" srcset=\"https:\/\/forafrika.ch\/wp-content\/uploads\/2025\/09\/Tokollo-300x151.jpg 300w, https:\/\/forafrika.ch\/wp-content\/uploads\/2025\/09\/Tokollo.jpg 705w\" sizes=\"(max-width: 300px) 100vw, 300px\" \/><\/div>\n\t\t<\/a>\n\t\t\t\t<div class=\"elementor-post__text\">\n\t\t\t\t<h3 class=\"elementor-post__title\">\n\t\t\t<a href=\"https:\/\/forafrika.ch\/en\/news-schweizforafrika\/jahresbericht-2024\/\">\n\t\t\t\tJahresbericht 2024\t\t\t<\/a>\n\t\t<\/h3>\n\t\t\t\t<div class=\"elementor-post__meta-data\">\n\t\t\t\t\t<span class=\"elementor-post-date\">\n\t\t\t23. September 2025\t\t<\/span>\n\t\t\t\t<span class=\"elementor-post-avatar\">\n\t\t\tNo Comments\t\t<\/span>\n\t\t\t\t<\/div>\n\t\t\t\t<div class=\"elementor-post__excerpt\">\n\t\t\t<p>Mit grosser Dankbarkeit und Stolz pr\u00e4sentieren wir Ihnen unseren Jahresbericht f\u00fcr das vergangene Jahr. Ein Jahr, das trotz aller Herausforderungen von bemerkenswertem Fortschritt und unerm\u00fcdlichem Engagement gepr\u00e4gt war.\u200b<\/p>\n\t\t<\/div>\n\t\t\n\t\t<a class=\"elementor-post__read-more\" href=\"https:\/\/forafrika.ch\/en\/news-schweizforafrika\/jahresbericht-2024\/\" aria-label=\"Read more about Jahresbericht 2024\" tabindex=\"-1\">\n\t\t\tWeiterlesen \u00bb\t\t<\/a>\n\n\t\t\t\t<\/div>\n\t\t\t\t<\/article>\n\t\t\t\t<article class=\"elementor-post elementor-grid-item post-21197 post type-post status-publish format-standard has-post-thumbnail hentry category-events\" role=\"listitem\">\n\t\t\t\t<a class=\"elementor-post__thumbnail__link\" href=\"https:\/\/forafrika.ch\/en\/events\/kick-off\/\" tabindex=\"-1\">\n\t\t\t<div class=\"elementor-post__thumbnail\"><img loading=\"lazy\" decoding=\"async\" width=\"300\" height=\"169\" src=\"https:\/\/forafrika.ch\/wp-content\/uploads\/2025\/01\/Hike-1-300x169.jpg\" class=\"attachment-medium size-medium wp-image-22368\" alt=\"\" srcset=\"https:\/\/forafrika.ch\/wp-content\/uploads\/2025\/01\/Hike-1-300x169.jpg 300w, https:\/\/forafrika.ch\/wp-content\/uploads\/2025\/01\/Hike-1-768x432.jpg 768w, https:\/\/forafrika.ch\/wp-content\/uploads\/2025\/01\/Hike-1.jpg 960w\" sizes=\"(max-width: 300px) 100vw, 300px\" \/><\/div>\n\t\t<\/a>\n\t\t\t\t<div class=\"elementor-post__text\">\n\t\t\t\t<h3 class=\"elementor-post__title\">\n\t\t\t<a href=\"https:\/\/forafrika.ch\/en\/events\/kick-off\/\">\n\t\t\t\tKick-Off Event Hilfseins\u00e4tze 2025\t\t\t<\/a>\n\t\t<\/h3>\n\t\t\t\t<div class=\"elementor-post__meta-data\">\n\t\t\t\t\t<span class=\"elementor-post-date\">\n\t\t\t19. January 2025\t\t<\/span>\n\t\t\t\t<span class=\"elementor-post-avatar\">\n\t\t\tNo Comments\t\t<\/span>\n\t\t\t\t<\/div>\n\t\t\t\t<div class=\"elementor-post__excerpt\">\n\t\t\t<p>M\u00f6chtest du dieses Jahr etwas bewegen? Deine \u00c4rmel hochkrempeln und N\u00e4gel mit K\u00f6pfen machen? Dann werde Teil der Makeover FAmily und komme f\u00fcr eine Woche<\/p>\n\t\t<\/div>\n\t\t\n\t\t<a class=\"elementor-post__read-more\" href=\"https:\/\/forafrika.ch\/en\/events\/kick-off\/\" aria-label=\"Read more about Kick-Off Event Hilfseins\u00e4tze 2025\" tabindex=\"-1\">\n\t\t\tWeiterlesen \u00bb\t\t<\/a>\n\n\t\t\t\t<\/div>\n\t\t\t\t<\/article>\n\t\t\t\t<\/div>\n\t\t\n\t\t\t\t\t\t<\/div>\n\t\t\t\t<\/div>\n\t\t\t\t\t<\/div>\n\t\t<\/div>\n\t\t\t\t\t<\/div>\n\t\t<\/section>\n\t\t\t\t<\/div>\n\t\t","protected":false},"excerpt":{"rendered":"<p>&#8220;Ich kann mir meine Kindheit ohne die Hilfe von ForAfrika nicht vorstellen. Ich glaube, sie kam genau zum richtigen Zeitpunkt, um unser Leben zu beeinflussen \u2013 ohne sie w\u00e4re ich wahrscheinlich krank geworden oder w\u00e4re v\u00f6llig abgedriftet.&#8221; &#8211; Eurico Alberto Mitten in den traumatischen Ereignissen des\u00a0B\u00fcrgerkrieges\u00a0wurde\u00a0Eurico Alberto\u00a01989 in der Provinz Benguela\u00a0in Angola\u00a0geboren. Der tobende Krieg [&hellip;]<\/p>\n","protected":false},"author":4,"featured_media":4589,"comment_status":"closed","ping_status":"open","sticky":false,"template":"elementor_header_footer","format":"standard","meta":{"_acf_changed":false,"footnotes":""},"categories":[13,23],"tags":[],"class_list":["post-4612","post","type-post","status-publish","format-standard","has-post-thumbnail","hentry","category-news-ernaehrung","category-success-story"],"acf":[],"_links":{"self":[{"href":"https:\/\/forafrika.ch\/en\/wp-json\/wp\/v2\/posts\/4612"}],"collection":[{"href":"https:\/\/forafrika.ch\/en\/wp-json\/wp\/v2\/posts"}],"about":[{"href":"https:\/\/forafrika.ch\/en\/wp-json\/wp\/v2\/types\/post"}],"author":[{"embeddable":true,"href":"https:\/\/forafrika.ch\/en\/wp-json\/wp\/v2\/users\/4"}],"replies":[{"embeddable":true,"href":"https:\/\/forafrika.ch\/en\/wp-json\/wp\/v2\/comments?post=4612"}],"version-history":[{"count":0,"href":"https:\/\/forafrika.ch\/en\/wp-json\/wp\/v2\/posts\/4612\/revisions"}],"wp:featuredmedia":[{"embeddable":true,"href":"https:\/\/forafrika.ch\/en\/wp-json\/wp\/v2\/media\/4589"}],"wp:attachment":[{"href":"https:\/\/forafrika.ch\/en\/wp-json\/wp\/v2\/media?parent=4612"}],"wp:term":[{"taxonomy":"category","embeddable":true,"href":"https:\/\/forafrika.ch\/en\/wp-json\/wp\/v2\/categories?post=4612"},{"taxonomy":"post_tag","embeddable":true,"href":"https:\/\/forafrika.ch\/en\/wp-json\/wp\/v2\/tags?post=4612"}],"curies":[{"name":"wp","href":"https:\/\/api.w.org\/{rel}","templated":true}]}}