{"id":4667,"date":"2022-09-10T14:30:40","date_gmt":"2022-09-10T14:30:40","guid":{"rendered":"https:\/\/forafrika.uwebdev.ch\/?p=4667"},"modified":"2023-09-27T07:59:31","modified_gmt":"2023-09-27T07:59:31","slug":"fred-handelspolitik","status":"publish","type":"post","link":"https:\/\/forafrika.ch\/en\/news-landwirtschaft\/fred-handelspolitik\/","title":{"rendered":"Fred &#8211; Verbesserte interafrikanische Handelspolitik als L\u00f6sung f\u00fcr Ern\u00e4hrungskrise"},"content":{"rendered":"\t\t<div data-elementor-type=\"wp-post\" data-elementor-id=\"4667\" class=\"elementor elementor-4667\" data-elementor-post-type=\"post\">\n\t\t\t\t\t\t<section class=\"elementor-section elementor-top-section elementor-element elementor-element-5ada3154 elementor-section-boxed elementor-section-height-default elementor-section-height-default\" data-id=\"5ada3154\" data-element_type=\"section\" data-e-type=\"section\">\n\t\t\t\t\t\t<div class=\"elementor-container elementor-column-gap-default\">\n\t\t\t\t\t<div class=\"elementor-column elementor-col-100 elementor-top-column elementor-element elementor-element-3ad24335\" data-id=\"3ad24335\" data-element_type=\"column\" data-e-type=\"column\">\n\t\t\t<div class=\"elementor-widget-wrap elementor-element-populated\">\n\t\t\t\t\t\t<div class=\"elementor-element elementor-element-4ecad11a elementor-widget__width-auto elementor-widget elementor-widget-heading\" data-id=\"4ecad11a\" data-element_type=\"widget\" data-e-type=\"widget\" data-widget_type=\"heading.default\">\n\t\t\t\t<div class=\"elementor-widget-container\">\n\t\t\t\t\t<p class=\"elementor-heading-title elementor-size-default\">10. September 2022<\/p>\t\t\t\t<\/div>\n\t\t\t\t<\/div>\n\t\t\t\t<div class=\"elementor-element elementor-element-1da42e3d elementor-widget elementor-widget-heading\" data-id=\"1da42e3d\" data-element_type=\"widget\" data-e-type=\"widget\" data-widget_type=\"heading.default\">\n\t\t\t\t<div class=\"elementor-widget-container\">\n\t\t\t\t\t<h1 class=\"elementor-heading-title elementor-size-default\">Fred &#8211; Verbesserte interafrikanische Handelspolitik als L\u00f6sung f\u00fcr Ern\u00e4hrungskrise<\/h1>\t\t\t\t<\/div>\n\t\t\t\t<\/div>\n\t\t\t\t\t<\/div>\n\t\t<\/div>\n\t\t\t\t\t<\/div>\n\t\t<\/section>\n\t\t\t\t<section class=\"elementor-section elementor-top-section elementor-element elementor-element-6a6022b8 elementor-section-boxed elementor-section-height-default elementor-section-height-default\" data-id=\"6a6022b8\" data-element_type=\"section\" data-e-type=\"section\">\n\t\t\t\t\t\t<div class=\"elementor-container elementor-column-gap-default\">\n\t\t\t\t\t<div class=\"elementor-column elementor-col-100 elementor-top-column elementor-element elementor-element-66e7394e\" data-id=\"66e7394e\" data-element_type=\"column\" data-e-type=\"column\">\n\t\t\t<div class=\"elementor-widget-wrap elementor-element-populated\">\n\t\t\t\t\t\t<div class=\"elementor-element elementor-element-2b037b8c elementor-widget elementor-widget-spacer\" data-id=\"2b037b8c\" data-element_type=\"widget\" data-e-type=\"widget\" data-widget_type=\"spacer.default\">\n\t\t\t\t<div class=\"elementor-widget-container\">\n\t\t\t\t\t\t\t<div class=\"elementor-spacer\">\n\t\t\t<div class=\"elementor-spacer-inner\"><\/div>\n\t\t<\/div>\n\t\t\t\t\t\t<\/div>\n\t\t\t\t<\/div>\n\t\t\t\t\t<\/div>\n\t\t<\/div>\n\t\t\t\t\t<\/div>\n\t\t<\/section>\n\t\t\t\t<section class=\"elementor-section elementor-top-section elementor-element elementor-element-2a64dbd6 hero-einleitung elementor-section-boxed elementor-section-height-default elementor-section-height-default\" data-id=\"2a64dbd6\" data-element_type=\"section\" data-e-type=\"section\">\n\t\t\t\t\t\t<div class=\"elementor-container elementor-column-gap-default\">\n\t\t\t\t\t<div class=\"elementor-column elementor-col-100 elementor-top-column elementor-element elementor-element-6f375de3\" data-id=\"6f375de3\" data-element_type=\"column\" data-e-type=\"column\">\n\t\t\t<div class=\"elementor-widget-wrap elementor-element-populated\">\n\t\t\t\t\t\t<div class=\"elementor-element elementor-element-436a3941 elementor-widget elementor-widget-heading\" data-id=\"436a3941\" data-element_type=\"widget\" data-e-type=\"widget\" data-widget_type=\"heading.default\">\n\t\t\t\t<div class=\"elementor-widget-container\">\n\t\t\t\t\t<h3 class=\"elementor-heading-title elementor-size-large\">\"Immerhin liegen nach Sch\u00e4tzungen der Afrikanischen Entwicklungsbank 65 % der weltweit nicht bewirtschafteten Ackerfl\u00e4chen in Afrika, und unsere Arbeitskosten sind im Allgemeinen niedrig. Wir haben dieses Potenzial noch nicht ausgesch\u00f6pft.\" - Fred Mutenyo - Country Director Uganda ForAfrika<\/h3>\t\t\t\t<\/div>\n\t\t\t\t<\/div>\n\t\t\t\t<div class=\"elementor-element elementor-element-508145a4 elementor-widget elementor-widget-text-editor\" data-id=\"508145a4\" data-element_type=\"widget\" data-e-type=\"widget\" data-widget_type=\"text-editor.default\">\n\t\t\t\t<div class=\"elementor-widget-container\">\n\t\t\t\t\t\t\t\t\t<div class=\"container\"><div class=\"row\"><div class=\"col-sm-12\"><p><em><a href=\"https:\/\/mg.co.za\/top-six\/2022-08-09-improving-cross-border-trade-policy-is-vital-in-solving-the-african-food-security-crisis\/?utm_content=bufferc049e&amp;utm_medium=social&amp;utm_source=facebook.com&amp;utm_campaign=buffer&amp;fbclid=IwAR3kNgPMbrZYIO9gLwefEwW_19BuMZbYuXyRrdPAmSMl3NtkWuPuHao1U7w\" target=\"_blank\" rel=\"noopener\">Originalbericht auf Mail &amp; Guardian &#8211; 09. August 2022<\/a><\/em><br \/><em>Von\u00a0Fred Mutenyo &#8211; Country Director Uganda ForAfrika<\/em><\/p><\/div><\/div><\/div><div class=\"container\"><div class=\"row\"><div class=\"col-sm-12\"><div class=\"row\"><div class=\"col-sm-6\"><p>Afrika kann sich selbst ern\u00e4hren. Afrika kann auch Menschen jenseits der Grenzen seiner 54 L\u00e4nder ern\u00e4hren. Das Potential ist da, und ein Schl\u00fcssel liegt in der verbesserung der grenz\u00fcberschreitenden Handelspolitik.<\/p><p>Leider ist momentan noch das Gegenteil der Fall &#8211; zu viele unserer afrikanischen Mitb\u00fcrger sind von Ern\u00e4hrungsunsicherheit oder Hungersnot betroffen. Unsere Br\u00fcder und Schwestern in der ostafrikanischen Region ben\u00f6tigen dringend humanit\u00e4re Hilfe, um eine grosse Hungersnot zu verhindern. In Teilen des s\u00fcdlichen Afrikas herrschen D\u00fcrre und extreme Hitze, die die Ern\u00e4hrungssicherheit in dieser Region beeintr\u00e4chtigen. Wir k\u00f6nnen dieses Szenario \u00e4ndern.<\/p><p>Immerhin liegen nach Sch\u00e4tzungen der Afrikanischen Entwicklungsbank <a href=\"http:\/\/chrome-extension:\/\/efaidnbmnnnibpcajpcglclefindmkaj\/https:\/\/www.afdb.org\/fileadmin\/uploads\/afdb\/Documents\/Generic-Documents\/Brochure_Feed_Africa_-En.pdf\" target=\"_blank\" rel=\"noopener\" data-wplink-url-error=\"true\">65 %<\/a> der weltweit nicht bewirtschafteten Ackerfl\u00e4chen in Afrika, und unsere Arbeitskosten sind im Allgemeinen niedrig. Wir haben dieses Potenzial noch nicht ausgesch\u00f6pft.<\/p><p>Nach Angaben der Ern\u00e4hrungs- und Landwirtschaftsorganisation der Vereinten Nationen (FAO) ist etwas mehr als die H\u00e4lfte der afrikanischen Bev\u00f6lkerung in der Landwirtschaft t\u00e4tig. Eine h\u00f6here landwirtschaftliche Produktivit\u00e4t w\u00fcrde mehr Arbeitspl\u00e4tze schaffen und zu einem Anstieg der individuellen Einkommen f\u00fchren. Die Auswirkungen einer besseren und umfassenderen landwirtschaftlichen T\u00e4tigkeit w\u00fcrden es Familien und Gemeinschaften erm\u00f6glichen eine h\u00f6here Lebensqualit\u00e4t zu geniessen und sich bessere Ern\u00e4hrung, Bildung, Gesundheitsf\u00fcrsorge und andere G\u00fcter und Dienstleistungen leisten zu k\u00f6nnen.<\/p><\/div><div class=\"col-sm-6\">\u00a0<\/div><\/div><\/div><\/div><\/div><div class=\"container\"><div class=\"row\"><div class=\"col-sm-12\"><p>Doch ohne eine integrierte grenz\u00fcberschreitende Handelspolitik und entsprechende Vorschriften wird dies alles nicht m\u00f6glich sein. Es hat keinen Sinn, mehr Lebensmittel und Lebensmittelprodukte zu produzieren, wenn wir sie nicht effizient transportieren k\u00f6nnen. Wir m\u00fcssen in der Lage sein, sie im Ausland und untereinander zu verkaufen. Ohne eine bessere Integration des grenz\u00fcberschreitenden Handels werden wir uns immer wieder in einer Situation wiederfinden, dass Regionen mit einem Nahrungsmittel\u00fcberschuss hungernden Menschen in einer anderen Region nicht schnell genug Lieferungen zukommen lassen k\u00f6nnen.<\/p><p>Daf\u00fcr gibt es verschiedenste Gr\u00fcnde: Der afrikanische Agrarsektor ist zu wenig mechanisiert, und wir nutzen Innovationen und technologische Fortschritte nicht. Tats\u00e4chlich werden nicht einmal D\u00fcngemittel und Bew\u00e4sserung in ausreichendem Masse eingesetzt, um die Ertr\u00e4ge zu steigern. Hinzu kommen die hohen Kosten f\u00fcr die Anschaffung der erforderlichen Mechanisierungstechnologie und D\u00fcngemittel sowie fehlende staatliche Subventionen f\u00fcr die Landwirtschaft. Der Einsatz all dieser Technologien w\u00fcrde die Produktion ankurbeln.<\/p><p>ForAfrika konzentriert sich in erster Linie darauf, unseren afrikanischen Mitb\u00fcrgern ausreichende Lebensmittel zur Verf\u00fcgung zu stellen und zwar auf zweierlei Weise: Wir unterst\u00fctzen Haushalte mit Lebensmittelspenden und arbeiten mit ihnen zusammen, um sicherzustellen, dass sie besser in der Lage sind, selbst Lebensmittel zu produzieren. Zu viele afrikanische Kleinbauern verf\u00fcgen nicht \u00fcber die notwendigen Ressourcen &#8211; vor allem hochwertiges Saatgut und Ausr\u00fcstung, um einen \u00dcberschuss zu produzieren, den sie auf den lokalen M\u00e4rkten verkaufen k\u00f6nnten. Wir unterst\u00fctzen sie mit Startkapital und Schulungen f\u00fcr effizientere landwirtschaftliche Praktiken im Gem\u00fcse- und Feldanbau. Ausserdem schulen wir sie darin, wie man Lebensmittel nach der Ernte haltbar macht.<\/p><\/div><\/div><\/div><div class=\"container\"><div class=\"row\"><div class=\"col-sm-12\"><p>Um die Widerstandsf\u00e4higkeit unseres Kontinents angesichts einer zunehmend unsicheren Welt zu st\u00e4rken &#8211; die weltweite Verknappung von Getreide und Speise\u00f6l aufgrund des Krieges in der Ukraine ist ein Beispiel daf\u00fcr &#8211; m\u00fcssen unsere Regierungen weit mehr als bisher in den Sektor investieren. Dazu geh\u00f6rt auch der verst\u00e4rkte Einsatz von Technologie, Forschung und wissenschaftlichen Fortschritten und Erkenntnissen, um die Produktion zu verbessern und auszuweiten sowie die Erzeugnisse nach der Ernte zu sch\u00fctzen. Dies wird mit dem zunehmenden Klimawandel immer wichtiger werden, denn die richtige Technologie kann den Landwirten helfen, den Klimawandel abzuschw\u00e4chen und sich an seine Auswirkungen anzupassen.<\/p><p>ForAfrika arbeitet seinerseits mit lokalen Gemeinschaften zusammen, um die Verbreitung einer klimafreundlichen Landwirtschaft voranzutreiben. Wir f\u00f6rdern die Verwendung energieeffizienter Brennstoffe zum Kochen, wodurch das Abholzen von B\u00e4umen reduziert wird. Wir schulen die Landwirte in wasserschonenden Anbaumethoden und in der Sch\u00e4dlingsbek\u00e4mpfung mit kosteng\u00fcnstigen einheimischen Mitteln, die die Umwelt nicht verschmutzen. Ausserdem setzen wir uns daf\u00fcr ein, dass Kleinbauern Zugang zu Saatgut von d\u00fcrreresistenten Pflanzensorten haben.<\/p><p>Wir haben viel zu gewinnen, wenn wir in die Infrastruktur f\u00fcr Landwirtschaft und Handel, in bessere Anbaumethoden und in die Vereinfachung des grenz\u00fcberschreitenden innerafrikanischen Handels investieren.<\/p><p>Lesen Sie den gesamten Artikel\u00a0<a href=\"http:\/\/mg.co.za\/top-six\/2022-08-09-improving-cross-border-trade-policy-is-vital-in-solving-the-african-food-security-crisis\/?utm_content=bufferc049e&amp;utm_medium=social&amp;utm_source=facebook.com&amp;utm_campaign=buffer&amp;fbclid=IwAR3kNgPMbrZYIO9gLwefEwW_19BuMZbYuXyRrdPAmSMl3NtkWuPuHao1U7w\" target=\"_blank\" rel=\"noopener\">hier<\/a>.<\/p><\/div><\/div><\/div>\t\t\t\t\t\t\t\t<\/div>\n\t\t\t\t<\/div>\n\t\t\t\t\t<\/div>\n\t\t<\/div>\n\t\t\t\t\t<\/div>\n\t\t<\/section>\n\t\t\t\t<section class=\"elementor-section elementor-top-section elementor-element elementor-element-78d283c9 elementor-section-boxed elementor-section-height-default elementor-section-height-default\" data-id=\"78d283c9\" data-element_type=\"section\" data-e-type=\"section\">\n\t\t\t\t\t\t<div class=\"elementor-container elementor-column-gap-default\">\n\t\t\t\t\t<div class=\"elementor-column elementor-col-50 elementor-top-column elementor-element elementor-element-501b38c0\" data-id=\"501b38c0\" data-element_type=\"column\" data-e-type=\"column\">\n\t\t\t<div class=\"elementor-widget-wrap elementor-element-populated\">\n\t\t\t\t\t\t<div class=\"elementor-element elementor-element-40bb829f elementor-widget elementor-widget-image\" data-id=\"40bb829f\" data-element_type=\"widget\" data-e-type=\"widget\" data-widget_type=\"image.default\">\n\t\t\t\t<div class=\"elementor-widget-container\">\n\t\t\t\t\t\t\t\t\t\t\t\t\t\t\t<img fetchpriority=\"high\" decoding=\"async\" width=\"800\" height=\"534\" src=\"https:\/\/forafrika.ch\/wp-content\/uploads\/2023\/01\/Fred_Uganda_Lobule_TukaliriPrimarySchool_Sep2022_C_110-ST-L-2_1620x1080-1024x683.jpg\" class=\"attachment-large size-large wp-image-9453\" alt=\"\" srcset=\"https:\/\/forafrika.ch\/wp-content\/uploads\/2023\/01\/Fred_Uganda_Lobule_TukaliriPrimarySchool_Sep2022_C_110-ST-L-2_1620x1080-1024x683.jpg 1024w, https:\/\/forafrika.ch\/wp-content\/uploads\/2023\/01\/Fred_Uganda_Lobule_TukaliriPrimarySchool_Sep2022_C_110-ST-L-2_1620x1080-300x200.jpg 300w, https:\/\/forafrika.ch\/wp-content\/uploads\/2023\/01\/Fred_Uganda_Lobule_TukaliriPrimarySchool_Sep2022_C_110-ST-L-2_1620x1080-768x512.jpg 768w, https:\/\/forafrika.ch\/wp-content\/uploads\/2023\/01\/Fred_Uganda_Lobule_TukaliriPrimarySchool_Sep2022_C_110-ST-L-2_1620x1080-1536x1024.jpg 1536w, https:\/\/forafrika.ch\/wp-content\/uploads\/2023\/01\/Fred_Uganda_Lobule_TukaliriPrimarySchool_Sep2022_C_110-ST-L-2_1620x1080.jpg 1620w\" sizes=\"(max-width: 800px) 100vw, 800px\" \/>\t\t\t\t\t\t\t\t\t\t\t\t\t\t\t<\/div>\n\t\t\t\t<\/div>\n\t\t\t\t<div class=\"elementor-element elementor-element-4a3485e8 elementor-widget elementor-widget-text-editor\" data-id=\"4a3485e8\" data-element_type=\"widget\" data-e-type=\"widget\" data-widget_type=\"text-editor.default\">\n\t\t\t\t<div class=\"elementor-widget-container\">\n\t\t\t\t\t\t\t\t\t<p>Fred w\u00e4hrend einer Landwirtschafts-Schulung<\/p>\t\t\t\t\t\t\t\t<\/div>\n\t\t\t\t<\/div>\n\t\t\t\t\t<\/div>\n\t\t<\/div>\n\t\t\t\t<div class=\"elementor-column elementor-col-50 elementor-top-column elementor-element elementor-element-6cdf02b2\" data-id=\"6cdf02b2\" data-element_type=\"column\" data-e-type=\"column\">\n\t\t\t<div class=\"elementor-widget-wrap elementor-element-populated\">\n\t\t\t\t\t\t<div class=\"elementor-element elementor-element-595e7d1d elementor-widget elementor-widget-image\" data-id=\"595e7d1d\" data-element_type=\"widget\" data-e-type=\"widget\" data-widget_type=\"image.default\">\n\t\t\t\t<div class=\"elementor-widget-container\">\n\t\t\t\t\t\t\t\t\t\t\t\t\t\t\t<img decoding=\"async\" width=\"800\" height=\"534\" src=\"https:\/\/forafrika.ch\/wp-content\/uploads\/2023\/01\/JAMU_CLP_2239_1620x1080-1024x683.jpg\" class=\"attachment-large size-large wp-image-9458\" alt=\"\" srcset=\"https:\/\/forafrika.ch\/wp-content\/uploads\/2023\/01\/JAMU_CLP_2239_1620x1080-1024x683.jpg 1024w, https:\/\/forafrika.ch\/wp-content\/uploads\/2023\/01\/JAMU_CLP_2239_1620x1080-300x200.jpg 300w, https:\/\/forafrika.ch\/wp-content\/uploads\/2023\/01\/JAMU_CLP_2239_1620x1080-768x512.jpg 768w, https:\/\/forafrika.ch\/wp-content\/uploads\/2023\/01\/JAMU_CLP_2239_1620x1080-1536x1024.jpg 1536w, https:\/\/forafrika.ch\/wp-content\/uploads\/2023\/01\/JAMU_CLP_2239_1620x1080.jpg 1620w\" sizes=\"(max-width: 800px) 100vw, 800px\" \/>\t\t\t\t\t\t\t\t\t\t\t\t\t\t\t<\/div>\n\t\t\t\t<\/div>\n\t\t\t\t<div class=\"elementor-element elementor-element-2fd84ada elementor-widget elementor-widget-text-editor\" data-id=\"2fd84ada\" data-element_type=\"widget\" data-e-type=\"widget\" data-widget_type=\"text-editor.default\">\n\t\t\t\t<div class=\"elementor-widget-container\">\n\t\t\t\t\t\t\t\t\t<p>Ein Garten unseres Landwirtschaftsprojektes in Uganda<\/p>\t\t\t\t\t\t\t\t<\/div>\n\t\t\t\t<\/div>\n\t\t\t\t\t<\/div>\n\t\t<\/div>\n\t\t\t\t\t<\/div>\n\t\t<\/section>\n\t\t\t\t<section class=\"elementor-section elementor-top-section elementor-element elementor-element-5b579a3d elementor-section-boxed elementor-section-height-default elementor-section-height-default\" data-id=\"5b579a3d\" data-element_type=\"section\" data-e-type=\"section\" data-settings=\"{&quot;background_background&quot;:&quot;classic&quot;}\">\n\t\t\t\t\t\t<div class=\"elementor-container elementor-column-gap-default\">\n\t\t\t\t\t<div class=\"elementor-column elementor-col-100 elementor-top-column elementor-element elementor-element-3083f6be\" data-id=\"3083f6be\" data-element_type=\"column\" data-e-type=\"column\">\n\t\t\t<div class=\"elementor-widget-wrap elementor-element-populated\">\n\t\t\t\t\t\t<div class=\"elementor-element elementor-element-2e094442 elementor-widget elementor-widget-heading\" data-id=\"2e094442\" data-element_type=\"widget\" data-e-type=\"widget\" data-widget_type=\"heading.default\">\n\t\t\t\t<div class=\"elementor-widget-container\">\n\t\t\t\t\t<h2 class=\"elementor-heading-title elementor-size-default\">Jetzt spenden<\/h2>\t\t\t\t<\/div>\n\t\t\t\t<\/div>\n\t\t\t\t<div class=\"elementor-element elementor-element-2f4f6557 elementor-widget__width-initial elementor-widget elementor-widget-text-editor\" data-id=\"2f4f6557\" data-element_type=\"widget\" data-e-type=\"widget\" data-widget_type=\"text-editor.default\">\n\t\t\t\t<div class=\"elementor-widget-container\">\n\t\t\t\t\t\t\t\t\t<p>Spenden Sie jetzt f\u00fcr Landwirtschaft und tragen Sie dazu bei, dass Afrika gedeiht!<br \/>Spenden an Schweiz ForAfrika sind von den Steuern abziehbar.<\/p>\t\t\t\t\t\t\t\t<\/div>\n\t\t\t\t<\/div>\n\t\t\t\t<div class=\"elementor-element elementor-element-53912fa6 elementor-widget elementor-widget-html\" data-id=\"53912fa6\" data-element_type=\"widget\" data-e-type=\"widget\" data-widget_type=\"html.default\">\n\t\t\t\t<div class=\"elementor-widget-container\">\n\t\t\t\t\t<div class=\"btns\">\n    <a class=\"btn btn-payrexx btn-payrexx-modal\" href=\"https:\/\/jamschweiz.payrexx.com\/de\/pay?tid=9071ac5a&amp;invoice_amount=25&amp;invoice_number=Spende f\u00fcr Landwirtschaft (News Fred)\" target=\"_blank\" rel=\"noopener\">CHF&nbsp25\n    <\/a>\n    <a class=\"btn btn-payrexx btn-payrexx-modal\" href=\"https:\/\/jamschweiz.payrexx.com\/de\/pay?tid=9071ac5a&amp;invoice_amount=50&amp;invoice_number=Spende f\u00fcr Landwirtschaft (News Fred)\" target=\"_blank\" rel=\"noopener\">CHF&nbsp50\n    <\/a>\n    <a class=\"btn btn-payrexx btn-payrexx-modal\" href=\"https:\/\/jamschweiz.payrexx.com\/de\/pay?tid=9071ac5a&amp;invoice_amount=100&amp;invoice_number=Spende f\u00fcr Landwirtschaft (News Fred)\" target=\"_blank\" rel=\"noopener\">CHF&nbsp100\n    <\/a>\n    <a class=\"btn btn-payrexx btn-payrexx-modal\" href=\"https:\/\/jamschweiz.payrexx.com\/de\/pay?tid=9071ac5a&amp;invoice_amount=300&amp;invoice_number=Spende f\u00fcr Landwirtschaft (News Fred)\" target=\"_blank\" rel=\"noopener\">CHF&nbsp300\n    <\/a>\n    <a class=\"btn btn-payrexx btn-payrexx-modal\" href=\"https:\/\/jamschweiz.payrexx.com\/de\/pay?tid=9071ac5a&amp;invoice_amount=&amp;invoice_number=Spende f\u00fcr Landwirtschaft (News Fred)\" data-href=\"https:\/\/jamschweiz.payrexx.com\/de\/pay?tid=9071ac5a&amp;invoice_amount=&amp;invoice_number=Spende f\u00fcr Landwirtschaft (News Fred)\" data- target=\"_blank\" rel=\"noopener\">Freier Betrag\n    <\/a>\n<\/div>\n\n<style>\n.btns{\n    text-align: center;\nline-height: 5\n}\n.btns .btn-payrexx{\n    position: relative;\n    color: #ffffff;\n    background-color: var(--e-global-color-accent);\n    padding: 22px 20px 33px;\n    margin: 0 5px 15px 5px;\n    font-size: 20px;\n    font-weight: 500;\n    border-radius: 5px;\n    line-height: 1.5\n}\n.btns .btn-payrexx span{\n    position: absolute;\n    width: 100%;\n    top: 44px;\n    left: 0;\n    font-size: 12px;\n    font-weight: 300;\n    text-align: center;\n    line-height: 1.5\n}\n.btns .btn-payrexx:hover{\n    background-color: var(--e-global-color-cbb3530);\n}\n\n<\/style>\t\t\t\t<\/div>\n\t\t\t\t<\/div>\n\t\t\t\t\t<\/div>\n\t\t<\/div>\n\t\t\t\t\t<\/div>\n\t\t<\/section>\n\t\t\t\t<section class=\"elementor-section elementor-top-section elementor-element elementor-element-3145e6d3 elementor-section-boxed elementor-section-height-default elementor-section-height-default\" data-id=\"3145e6d3\" data-element_type=\"section\" data-e-type=\"section\">\n\t\t\t\t\t\t<div class=\"elementor-container elementor-column-gap-default\">\n\t\t\t\t\t<div class=\"elementor-column elementor-col-100 elementor-top-column elementor-element elementor-element-63f2c6ac\" data-id=\"63f2c6ac\" data-element_type=\"column\" data-e-type=\"column\">\n\t\t\t<div class=\"elementor-widget-wrap elementor-element-populated\">\n\t\t\t\t\t\t<div class=\"elementor-element elementor-element-583058d3 elementor-widget elementor-widget-heading\" data-id=\"583058d3\" data-element_type=\"widget\" data-e-type=\"widget\" data-widget_type=\"heading.default\">\n\t\t\t\t<div class=\"elementor-widget-container\">\n\t\t\t\t\t<h2 class=\"elementor-heading-title elementor-size-default\">Weitere News-Beitr\u00e4ge<\/h2>\t\t\t\t<\/div>\n\t\t\t\t<\/div>\n\t\t\t\t<div class=\"elementor-element elementor-element-60a74719 elementor-grid-3 elementor-grid-tablet-2 elementor-grid-mobile-1 elementor-posts--thumbnail-top elementor-widget elementor-widget-posts\" data-id=\"60a74719\" data-element_type=\"widget\" data-e-type=\"widget\" data-settings=\"{&quot;classic_columns&quot;:&quot;3&quot;,&quot;classic_columns_tablet&quot;:&quot;2&quot;,&quot;classic_columns_mobile&quot;:&quot;1&quot;,&quot;classic_row_gap&quot;:{&quot;unit&quot;:&quot;px&quot;,&quot;size&quot;:35,&quot;sizes&quot;:[]},&quot;classic_row_gap_laptop&quot;:{&quot;unit&quot;:&quot;px&quot;,&quot;size&quot;:&quot;&quot;,&quot;sizes&quot;:[]},&quot;classic_row_gap_tablet&quot;:{&quot;unit&quot;:&quot;px&quot;,&quot;size&quot;:&quot;&quot;,&quot;sizes&quot;:[]},&quot;classic_row_gap_mobile&quot;:{&quot;unit&quot;:&quot;px&quot;,&quot;size&quot;:&quot;&quot;,&quot;sizes&quot;:[]}}\" data-widget_type=\"posts.classic\">\n\t\t\t\t<div class=\"elementor-widget-container\">\n\t\t\t\t\t\t\t<div class=\"elementor-posts-container elementor-posts elementor-posts--skin-classic elementor-grid\" role=\"list\">\n\t\t\t\t<article class=\"elementor-post elementor-grid-item post-25142 post type-post status-publish format-standard has-post-thumbnail hentry category-news-schweizforafrika\" role=\"listitem\">\n\t\t\t\t<a class=\"elementor-post__thumbnail__link\" href=\"https:\/\/forafrika.ch\/en\/news-schweizforafrika\/jahresbericht-2025\/\" tabindex=\"-1\">\n\t\t\t<div class=\"elementor-post__thumbnail\"><img decoding=\"async\" width=\"300\" height=\"200\" src=\"https:\/\/forafrika.ch\/wp-content\/uploads\/2026\/04\/patterns-5-300x200.png\" class=\"attachment-medium size-medium wp-image-25155\" alt=\"\" srcset=\"https:\/\/forafrika.ch\/wp-content\/uploads\/2026\/04\/patterns-5-300x200.png 300w, https:\/\/forafrika.ch\/wp-content\/uploads\/2026\/04\/patterns-5-1024x683.png 1024w, https:\/\/forafrika.ch\/wp-content\/uploads\/2026\/04\/patterns-5-768x512.png 768w, https:\/\/forafrika.ch\/wp-content\/uploads\/2026\/04\/patterns-5-1536x1024.png 1536w, https:\/\/forafrika.ch\/wp-content\/uploads\/2026\/04\/patterns-5-2048x1365.png 2048w\" sizes=\"(max-width: 300px) 100vw, 300px\" \/><\/div>\n\t\t<\/a>\n\t\t\t\t<div class=\"elementor-post__text\">\n\t\t\t\t<h3 class=\"elementor-post__title\">\n\t\t\t<a href=\"https:\/\/forafrika.ch\/en\/news-schweizforafrika\/jahresbericht-2025\/\">\n\t\t\t\tJahresbericht 2025\t\t\t<\/a>\n\t\t<\/h3>\n\t\t\t\t<div class=\"elementor-post__meta-data\">\n\t\t\t\t\t<span class=\"elementor-post-date\">\n\t\t\t19. April 2026\t\t<\/span>\n\t\t\t\t<span class=\"elementor-post-avatar\">\n\t\t\tNo Comments\t\t<\/span>\n\t\t\t\t<\/div>\n\t\t\t\t<div class=\"elementor-post__excerpt\">\n\t\t\t<p>Mit grosser Dankbarkeit und Stolz pr\u00e4sentieren wir Ihnen unseren Jahresbericht f\u00fcr das vergangene Jahr. Ein Jahr, das trotz aller Herausforderungen von bemerkenswertem Fortschritt und unerm\u00fcdlichem Engagement gepr\u00e4gt war.\u200b<\/p>\n\t\t<\/div>\n\t\t\n\t\t<a class=\"elementor-post__read-more\" href=\"https:\/\/forafrika.ch\/en\/news-schweizforafrika\/jahresbericht-2025\/\" aria-label=\"Read more about Jahresbericht 2025\" tabindex=\"-1\">\n\t\t\tWeiterlesen \u00bb\t\t<\/a>\n\n\t\t\t\t<\/div>\n\t\t\t\t<\/article>\n\t\t\t\t<article class=\"elementor-post elementor-grid-item post-22490 post type-post status-publish format-standard has-post-thumbnail hentry category-news-landwirtschaft category-news-schweizforafrika category-success-story\" role=\"listitem\">\n\t\t\t\t<a class=\"elementor-post__thumbnail__link\" href=\"https:\/\/forafrika.ch\/en\/news-landwirtschaft\/madalena-traeumt-davon-krankenschwester-zu-werden\/\" tabindex=\"-1\">\n\t\t\t<div class=\"elementor-post__thumbnail\"><img loading=\"lazy\" decoding=\"async\" width=\"300\" height=\"167\" src=\"https:\/\/forafrika.ch\/wp-content\/uploads\/2025\/11\/Madalena-300x167.png\" class=\"attachment-medium size-medium wp-image-22492\" alt=\"\" srcset=\"https:\/\/forafrika.ch\/wp-content\/uploads\/2025\/11\/Madalena-300x167.png 300w, https:\/\/forafrika.ch\/wp-content\/uploads\/2025\/11\/Madalena-1024x570.png 1024w, https:\/\/forafrika.ch\/wp-content\/uploads\/2025\/11\/Madalena-768x427.png 768w, https:\/\/forafrika.ch\/wp-content\/uploads\/2025\/11\/Madalena.png 1281w\" sizes=\"(max-width: 300px) 100vw, 300px\" \/><\/div>\n\t\t<\/a>\n\t\t\t\t<div class=\"elementor-post__text\">\n\t\t\t\t<h3 class=\"elementor-post__title\">\n\t\t\t<a href=\"https:\/\/forafrika.ch\/en\/news-landwirtschaft\/madalena-traeumt-davon-krankenschwester-zu-werden\/\">\n\t\t\t\tMadalena tr\u00e4umt davon Krankenschwester zu werden\t\t\t<\/a>\n\t\t<\/h3>\n\t\t\t\t<div class=\"elementor-post__meta-data\">\n\t\t\t\t\t<span class=\"elementor-post-date\">\n\t\t\t22. November 2025\t\t<\/span>\n\t\t\t\t<span class=\"elementor-post-avatar\">\n\t\t\tNo Comments\t\t<\/span>\n\t\t\t\t<\/div>\n\t\t\t\t<div class=\"elementor-post__excerpt\">\n\t\t\t<p>Die elfj\u00e4hrige Madalena lebt mit ihren Eltern und f\u00fcnf Geschwistern in einem Dorf in Angola. Madalenas Schule wird von ForAfrika mit Schulmahlzeiten versorgt.<\/p>\n\t\t<\/div>\n\t\t\n\t\t<a class=\"elementor-post__read-more\" href=\"https:\/\/forafrika.ch\/en\/news-landwirtschaft\/madalena-traeumt-davon-krankenschwester-zu-werden\/\" aria-label=\"Read more about Madalena tr\u00e4umt davon Krankenschwester zu werden\" tabindex=\"-1\">\n\t\t\tWeiterlesen \u00bb\t\t<\/a>\n\n\t\t\t\t<\/div>\n\t\t\t\t<\/article>\n\t\t\t\t<article class=\"elementor-post elementor-grid-item post-22468 post type-post status-publish format-standard has-post-thumbnail hentry category-news-schweizforafrika category-news-landwirtschaft category-success-story\" role=\"listitem\">\n\t\t\t\t<a class=\"elementor-post__thumbnail__link\" href=\"https:\/\/forafrika.ch\/en\/news-schweizforafrika\/gartenbaukurs\/\" tabindex=\"-1\">\n\t\t\t<div class=\"elementor-post__thumbnail\"><img loading=\"lazy\" decoding=\"async\" width=\"300\" height=\"169\" src=\"https:\/\/forafrika.ch\/wp-content\/uploads\/2025\/11\/WEB_Moz2_Regina_edit_klein-300x169.jpeg\" class=\"attachment-medium size-medium wp-image-22465\" alt=\"\" srcset=\"https:\/\/forafrika.ch\/wp-content\/uploads\/2025\/11\/WEB_Moz2_Regina_edit_klein-300x169.jpeg 300w, https:\/\/forafrika.ch\/wp-content\/uploads\/2025\/11\/WEB_Moz2_Regina_edit_klein-1024x576.jpeg 1024w, https:\/\/forafrika.ch\/wp-content\/uploads\/2025\/11\/WEB_Moz2_Regina_edit_klein-768x432.jpeg 768w, https:\/\/forafrika.ch\/wp-content\/uploads\/2025\/11\/WEB_Moz2_Regina_edit_klein-1536x864.jpeg 1536w, https:\/\/forafrika.ch\/wp-content\/uploads\/2025\/11\/WEB_Moz2_Regina_edit_klein.jpeg 1920w\" sizes=\"(max-width: 300px) 100vw, 300px\" \/><\/div>\n\t\t<\/a>\n\t\t\t\t<div class=\"elementor-post__text\">\n\t\t\t\t<h3 class=\"elementor-post__title\">\n\t\t\t<a href=\"https:\/\/forafrika.ch\/en\/news-schweizforafrika\/gartenbaukurs\/\">\n\t\t\t\tGartenbaukurs f\u00fcr Eltern an der Grundschule\t\t\t<\/a>\n\t\t<\/h3>\n\t\t\t\t<div class=\"elementor-post__meta-data\">\n\t\t\t\t\t<span class=\"elementor-post-date\">\n\t\t\t22. November 2025\t\t<\/span>\n\t\t\t\t<span class=\"elementor-post-avatar\">\n\t\t\tNo Comments\t\t<\/span>\n\t\t\t\t<\/div>\n\t\t\t\t<div class=\"elementor-post__excerpt\">\n\t\t\t<p>Bildung der Kinder tr\u00e4gt Fr\u00fcchte bei Eltern in Mosambik<\/p>\n\t\t<\/div>\n\t\t\n\t\t<a class=\"elementor-post__read-more\" href=\"https:\/\/forafrika.ch\/en\/news-schweizforafrika\/gartenbaukurs\/\" aria-label=\"Read more about Gartenbaukurs f\u00fcr Eltern an der Grundschule\" tabindex=\"-1\">\n\t\t\tWeiterlesen \u00bb\t\t<\/a>\n\n\t\t\t\t<\/div>\n\t\t\t\t<\/article>\n\t\t\t\t<article class=\"elementor-post elementor-grid-item post-22334 post type-post status-publish format-standard has-post-thumbnail hentry category-events category-news-schweizforafrika\" role=\"listitem\">\n\t\t\t\t<a class=\"elementor-post__thumbnail__link\" href=\"https:\/\/forafrika.ch\/en\/news-schweizforafrika\/hikeforafrika2025\/\" tabindex=\"-1\">\n\t\t\t<div class=\"elementor-post__thumbnail\"><img loading=\"lazy\" decoding=\"async\" width=\"300\" height=\"169\" src=\"https:\/\/forafrika.ch\/wp-content\/uploads\/2025\/10\/Hike-300x169.jpg\" class=\"attachment-medium size-medium wp-image-22361\" alt=\"\" srcset=\"https:\/\/forafrika.ch\/wp-content\/uploads\/2025\/10\/Hike-300x169.jpg 300w, https:\/\/forafrika.ch\/wp-content\/uploads\/2025\/10\/Hike-768x432.jpg 768w, https:\/\/forafrika.ch\/wp-content\/uploads\/2025\/10\/Hike.jpg 960w\" sizes=\"(max-width: 300px) 100vw, 300px\" \/><\/div>\n\t\t<\/a>\n\t\t\t\t<div class=\"elementor-post__text\">\n\t\t\t\t<h3 class=\"elementor-post__title\">\n\t\t\t<a href=\"https:\/\/forafrika.ch\/en\/news-schweizforafrika\/hikeforafrika2025\/\">\n\t\t\t\tHike ForAfrika 2025 &#8211; Mehr als 100 Teilnehmende wanderten f\u00fcr Afrika\t\t\t<\/a>\n\t\t<\/h3>\n\t\t\t\t<div class=\"elementor-post__meta-data\">\n\t\t\t\t\t<span class=\"elementor-post-date\">\n\t\t\t12. October 2025\t\t<\/span>\n\t\t\t\t<span class=\"elementor-post-avatar\">\n\t\t\tNo Comments\t\t<\/span>\n\t\t\t\t<\/div>\n\t\t\t\t<div class=\"elementor-post__excerpt\">\n\t\t\t<p>Am 23. August 2025 war es wieder soweit: Der Hike ForAfrika 2025 f\u00fchrte \u00fcber 100 motivierte Teilnehmer:innen rund um den Z\u00fcrichsee \u2013 Schritt f\u00fcr Schritt, mit einem gemeinsamen Ziel: Leben in Afrika nachhaltig zu ver\u00e4ndern.<\/p>\n\t\t<\/div>\n\t\t\n\t\t<a class=\"elementor-post__read-more\" href=\"https:\/\/forafrika.ch\/en\/news-schweizforafrika\/hikeforafrika2025\/\" aria-label=\"Read more about Hike ForAfrika 2025 &#8211; Mehr als 100 Teilnehmende wanderten f\u00fcr Afrika\" tabindex=\"-1\">\n\t\t\tWeiterlesen \u00bb\t\t<\/a>\n\n\t\t\t\t<\/div>\n\t\t\t\t<\/article>\n\t\t\t\t<article class=\"elementor-post elementor-grid-item post-22117 post type-post status-publish format-standard has-post-thumbnail hentry category-news-schweizforafrika\" role=\"listitem\">\n\t\t\t\t<a class=\"elementor-post__thumbnail__link\" href=\"https:\/\/forafrika.ch\/en\/news-schweizforafrika\/jahresbericht-2024\/\" tabindex=\"-1\">\n\t\t\t<div class=\"elementor-post__thumbnail\"><img loading=\"lazy\" decoding=\"async\" width=\"300\" height=\"151\" src=\"https:\/\/forafrika.ch\/wp-content\/uploads\/2025\/09\/Tokollo-300x151.jpg\" class=\"attachment-medium size-medium wp-image-22172\" alt=\"\" srcset=\"https:\/\/forafrika.ch\/wp-content\/uploads\/2025\/09\/Tokollo-300x151.jpg 300w, https:\/\/forafrika.ch\/wp-content\/uploads\/2025\/09\/Tokollo.jpg 705w\" sizes=\"(max-width: 300px) 100vw, 300px\" \/><\/div>\n\t\t<\/a>\n\t\t\t\t<div class=\"elementor-post__text\">\n\t\t\t\t<h3 class=\"elementor-post__title\">\n\t\t\t<a href=\"https:\/\/forafrika.ch\/en\/news-schweizforafrika\/jahresbericht-2024\/\">\n\t\t\t\tJahresbericht 2024\t\t\t<\/a>\n\t\t<\/h3>\n\t\t\t\t<div class=\"elementor-post__meta-data\">\n\t\t\t\t\t<span class=\"elementor-post-date\">\n\t\t\t23. September 2025\t\t<\/span>\n\t\t\t\t<span class=\"elementor-post-avatar\">\n\t\t\tNo Comments\t\t<\/span>\n\t\t\t\t<\/div>\n\t\t\t\t<div class=\"elementor-post__excerpt\">\n\t\t\t<p>Mit grosser Dankbarkeit und Stolz pr\u00e4sentieren wir Ihnen unseren Jahresbericht f\u00fcr das vergangene Jahr. Ein Jahr, das trotz aller Herausforderungen von bemerkenswertem Fortschritt und unerm\u00fcdlichem Engagement gepr\u00e4gt war.\u200b<\/p>\n\t\t<\/div>\n\t\t\n\t\t<a class=\"elementor-post__read-more\" href=\"https:\/\/forafrika.ch\/en\/news-schweizforafrika\/jahresbericht-2024\/\" aria-label=\"Read more about Jahresbericht 2024\" tabindex=\"-1\">\n\t\t\tWeiterlesen \u00bb\t\t<\/a>\n\n\t\t\t\t<\/div>\n\t\t\t\t<\/article>\n\t\t\t\t<article class=\"elementor-post elementor-grid-item post-21197 post type-post status-publish format-standard has-post-thumbnail hentry category-events\" role=\"listitem\">\n\t\t\t\t<a class=\"elementor-post__thumbnail__link\" href=\"https:\/\/forafrika.ch\/en\/events\/kick-off\/\" tabindex=\"-1\">\n\t\t\t<div class=\"elementor-post__thumbnail\"><img loading=\"lazy\" decoding=\"async\" width=\"300\" height=\"169\" src=\"https:\/\/forafrika.ch\/wp-content\/uploads\/2025\/01\/Hike-1-300x169.jpg\" class=\"attachment-medium size-medium wp-image-22368\" alt=\"\" srcset=\"https:\/\/forafrika.ch\/wp-content\/uploads\/2025\/01\/Hike-1-300x169.jpg 300w, https:\/\/forafrika.ch\/wp-content\/uploads\/2025\/01\/Hike-1-768x432.jpg 768w, https:\/\/forafrika.ch\/wp-content\/uploads\/2025\/01\/Hike-1.jpg 960w\" sizes=\"(max-width: 300px) 100vw, 300px\" \/><\/div>\n\t\t<\/a>\n\t\t\t\t<div class=\"elementor-post__text\">\n\t\t\t\t<h3 class=\"elementor-post__title\">\n\t\t\t<a href=\"https:\/\/forafrika.ch\/en\/events\/kick-off\/\">\n\t\t\t\tKick-Off Event Hilfseins\u00e4tze 2025\t\t\t<\/a>\n\t\t<\/h3>\n\t\t\t\t<div class=\"elementor-post__meta-data\">\n\t\t\t\t\t<span class=\"elementor-post-date\">\n\t\t\t19. January 2025\t\t<\/span>\n\t\t\t\t<span class=\"elementor-post-avatar\">\n\t\t\tNo Comments\t\t<\/span>\n\t\t\t\t<\/div>\n\t\t\t\t<div class=\"elementor-post__excerpt\">\n\t\t\t<p>M\u00f6chtest du dieses Jahr etwas bewegen? Deine \u00c4rmel hochkrempeln und N\u00e4gel mit K\u00f6pfen machen? Dann werde Teil der Makeover FAmily und komme f\u00fcr eine Woche<\/p>\n\t\t<\/div>\n\t\t\n\t\t<a class=\"elementor-post__read-more\" href=\"https:\/\/forafrika.ch\/en\/events\/kick-off\/\" aria-label=\"Read more about Kick-Off Event Hilfseins\u00e4tze 2025\" tabindex=\"-1\">\n\t\t\tWeiterlesen \u00bb\t\t<\/a>\n\n\t\t\t\t<\/div>\n\t\t\t\t<\/article>\n\t\t\t\t<\/div>\n\t\t\n\t\t\t\t\t\t<\/div>\n\t\t\t\t<\/div>\n\t\t\t\t\t<\/div>\n\t\t<\/div>\n\t\t\t\t\t<\/div>\n\t\t<\/section>\n\t\t\t\t<\/div>\n\t\t","protected":false},"excerpt":{"rendered":"<p>&#8220;Immerhin liegen nach Sch\u00e4tzungen der Afrikanischen Entwicklungsbank 65 % der weltweit nicht bewirtschafteten Ackerfl\u00e4chen in Afrika, und unsere Arbeitskosten sind im Allgemeinen niedrig. Wir haben dieses Potenzial noch nicht ausgesch\u00f6pft.&#8221; &#8211; Fred Mutenyo &#8211; Country Director Uganda ForAfrika Originalbericht auf Mail &amp; Guardian &#8211; 09. August 2022Von\u00a0Fred Mutenyo &#8211; Country Director Uganda ForAfrika Afrika kann [&hellip;]<\/p>\n","protected":false},"author":4,"featured_media":4594,"comment_status":"closed","ping_status":"open","sticky":false,"template":"elementor_header_footer","format":"standard","meta":{"_acf_changed":false,"footnotes":""},"categories":[15],"tags":[],"class_list":["post-4667","post","type-post","status-publish","format-standard","has-post-thumbnail","hentry","category-news-landwirtschaft"],"acf":[],"_links":{"self":[{"href":"https:\/\/forafrika.ch\/en\/wp-json\/wp\/v2\/posts\/4667"}],"collection":[{"href":"https:\/\/forafrika.ch\/en\/wp-json\/wp\/v2\/posts"}],"about":[{"href":"https:\/\/forafrika.ch\/en\/wp-json\/wp\/v2\/types\/post"}],"author":[{"embeddable":true,"href":"https:\/\/forafrika.ch\/en\/wp-json\/wp\/v2\/users\/4"}],"replies":[{"embeddable":true,"href":"https:\/\/forafrika.ch\/en\/wp-json\/wp\/v2\/comments?post=4667"}],"version-history":[{"count":0,"href":"https:\/\/forafrika.ch\/en\/wp-json\/wp\/v2\/posts\/4667\/revisions"}],"wp:featuredmedia":[{"embeddable":true,"href":"https:\/\/forafrika.ch\/en\/wp-json\/wp\/v2\/media\/4594"}],"wp:attachment":[{"href":"https:\/\/forafrika.ch\/en\/wp-json\/wp\/v2\/media?parent=4667"}],"wp:term":[{"taxonomy":"category","embeddable":true,"href":"https:\/\/forafrika.ch\/en\/wp-json\/wp\/v2\/categories?post=4667"},{"taxonomy":"post_tag","embeddable":true,"href":"https:\/\/forafrika.ch\/en\/wp-json\/wp\/v2\/tags?post=4667"}],"curies":[{"name":"wp","href":"https:\/\/api.w.org\/{rel}","templated":true}]}}