{"id":13107,"date":"2023-08-22T10:00:29","date_gmt":"2023-08-22T10:00:29","guid":{"rendered":"https:\/\/forafrika.ch\/?p=13107"},"modified":"2023-09-27T08:07:56","modified_gmt":"2023-09-27T08:07:56","slug":"durch-krieg-getrennt-und-in-gaerten-vereint","status":"publish","type":"post","link":"https:\/\/forafrika.ch\/fr\/news-landwirtschaft\/durch-krieg-getrennt-und-in-gaerten-vereint\/","title":{"rendered":"Durch Krieg getrennt und in G\u00e4rten vereint"},"content":{"rendered":"\t\t<div data-elementor-type=\"wp-post\" data-elementor-id=\"13107\" class=\"elementor elementor-13107\" data-elementor-post-type=\"post\">\n\t\t\t\t\t\t<section class=\"elementor-section elementor-top-section elementor-element elementor-element-4860f9eb elementor-section-boxed elementor-section-height-default elementor-section-height-default\" data-id=\"4860f9eb\" data-element_type=\"section\" data-e-type=\"section\">\n\t\t\t\t\t\t<div class=\"elementor-container elementor-column-gap-default\">\n\t\t\t\t\t<div class=\"elementor-column elementor-col-100 elementor-top-column elementor-element elementor-element-1d9d9129\" data-id=\"1d9d9129\" data-element_type=\"column\" data-e-type=\"column\">\n\t\t\t<div class=\"elementor-widget-wrap elementor-element-populated\">\n\t\t\t\t\t\t<div class=\"elementor-element elementor-element-75d15c5a elementor-widget__width-auto elementor-widget elementor-widget-heading\" data-id=\"75d15c5a\" data-element_type=\"widget\" data-e-type=\"widget\" data-widget_type=\"heading.default\">\n\t\t\t\t<div class=\"elementor-widget-container\">\n\t\t\t\t\t<p class=\"elementor-heading-title elementor-size-default\">22 ao\u00fbt 2023<\/p>\t\t\t\t<\/div>\n\t\t\t\t<\/div>\n\t\t\t\t<div class=\"elementor-element elementor-element-1a6f3adb elementor-widget elementor-widget-heading\" data-id=\"1a6f3adb\" data-element_type=\"widget\" data-e-type=\"widget\" data-widget_type=\"heading.default\">\n\t\t\t\t<div class=\"elementor-widget-container\">\n\t\t\t\t\t<h1 class=\"elementor-heading-title elementor-size-default\">Durch Krieg getrennt und in G\u00e4rten vereint<\/h1>\t\t\t\t<\/div>\n\t\t\t\t<\/div>\n\t\t\t\t\t<\/div>\n\t\t<\/div>\n\t\t\t\t\t<\/div>\n\t\t<\/section>\n\t\t\t\t<section class=\"elementor-section elementor-top-section elementor-element elementor-element-6c5daf8a elementor-section-boxed elementor-section-height-default elementor-section-height-default\" data-id=\"6c5daf8a\" data-element_type=\"section\" data-e-type=\"section\">\n\t\t\t\t\t\t<div class=\"elementor-container elementor-column-gap-default\">\n\t\t\t\t\t<div class=\"elementor-column elementor-col-100 elementor-top-column elementor-element elementor-element-2c29ef1\" data-id=\"2c29ef1\" data-element_type=\"column\" data-e-type=\"column\">\n\t\t\t<div class=\"elementor-widget-wrap elementor-element-populated\">\n\t\t\t\t\t\t<div class=\"elementor-element elementor-element-360a802f elementor-widget elementor-widget-spacer\" data-id=\"360a802f\" data-element_type=\"widget\" data-e-type=\"widget\" data-widget_type=\"spacer.default\">\n\t\t\t\t<div class=\"elementor-widget-container\">\n\t\t\t\t\t\t\t<div class=\"elementor-spacer\">\n\t\t\t<div class=\"elementor-spacer-inner\"><\/div>\n\t\t<\/div>\n\t\t\t\t\t\t<\/div>\n\t\t\t\t<\/div>\n\t\t\t\t<div class=\"elementor-element elementor-element-bd1446f elementor-widget elementor-widget-text-editor\" data-id=\"bd1446f\" data-element_type=\"widget\" data-e-type=\"widget\" data-widget_type=\"text-editor.default\">\n\t\t\t\t<div class=\"elementor-widget-container\">\n\t\t\t\t\t\t\t\t\t<p>Die zwei Freunde zeigen stolz ihre heranwachsende Ernte, mit welcher sie Eigenst\u00e4ndigkeit zur\u00fcckgewinnen.<\/p>\t\t\t\t\t\t\t\t<\/div>\n\t\t\t\t<\/div>\n\t\t\t\t\t<\/div>\n\t\t<\/div>\n\t\t\t\t\t<\/div>\n\t\t<\/section>\n\t\t\t\t<section class=\"elementor-section elementor-top-section elementor-element elementor-element-48dbabc0 hero-einleitung elementor-section-boxed elementor-section-height-default elementor-section-height-default\" data-id=\"48dbabc0\" data-element_type=\"section\" data-e-type=\"section\">\n\t\t\t\t\t\t<div class=\"elementor-container elementor-column-gap-default\">\n\t\t\t\t\t<div class=\"elementor-column elementor-col-100 elementor-top-column elementor-element elementor-element-409ef580\" data-id=\"409ef580\" data-element_type=\"column\" data-e-type=\"column\">\n\t\t\t<div class=\"elementor-widget-wrap elementor-element-populated\">\n\t\t\t\t\t\t<div class=\"elementor-element elementor-element-50916b60 elementor-widget elementor-widget-heading\" data-id=\"50916b60\" data-element_type=\"widget\" data-e-type=\"widget\" data-widget_type=\"heading.default\">\n\t\t\t\t<div class=\"elementor-widget-container\">\n\t\t\t\t\t<h3 class=\"elementor-heading-title elementor-size-large\">Durch den Krieg getrennt und in den \"Friedensg\u00e4rten\" vereint, haben diese beiden Freunde ein neues Leben f\u00fcr sich und ihre Familien aufgebaut.<\/h3>\t\t\t\t<\/div>\n\t\t\t\t<\/div>\n\t\t\t\t<div class=\"elementor-element elementor-element-53eac4ea elementor-widget elementor-widget-text-editor\" data-id=\"53eac4ea\" data-element_type=\"widget\" data-e-type=\"widget\" data-widget_type=\"text-editor.default\">\n\t\t\t\t<div class=\"elementor-widget-container\">\n\t\t\t\t\t\t\t\t\t<div class=\"col-lg-4 col-md-4\"><div class=\"container\"><div class=\"row\"><div class=\"col-sm-12\"><div class=\"container\"><div class=\"row\"><div class=\"col-sm-12\"><h5>Vom Krieg auseinandergerissen<\/h5><p>Pl\u00f6tzlich brach alles auseinander. Gewaltsam wurde den S\u00fcdsudanesen Peter Adumba und Peter Khemis nicht nur Besitz und Lebensgrundlage entrissen, sondern auch ihre langj\u00e4hrige Freundschaft. Sie waren gezwungen ihr Heimatland wegen aufflammenden Konflikten fluchtartig zu verlassen und standen vor dem Nichts.<\/p><h5>In &lsquo;Friedensg\u00e4rten&rsquo; wieder vereint<\/h5><p>Nach einer traumatischen Reise der Ungewissheit f\u00fchrte ihre Flucht sie beide nach Uganda. Und ohne voneinander zu wissen, landeten sie sogar im gleichen Fl\u00fcchtlingslager. \u00ab\u00a0Es ist, als ob die Mitarbeiter des OPM [B\u00fcro des Premierministers] w\u00fcssten, dass wir unzertrennliche Freunde sind; wir bekamen sogar benachbarte Grundst\u00fccke zugeteilt\u00a0\u00bb, sagt Peter Adumba strahlend und bezieht sich dabei auf die 30 mal 30 Meter grossen Grundst\u00fccke, die den Geflohenen im Rahmen der fortschrittlichen ugandischen Fl\u00fcchtlingspolitik zugeteilt wurden.<\/p><\/div><\/div><\/div><\/div><\/div><\/div><\/div>\t\t\t\t\t\t\t\t<\/div>\n\t\t\t\t<\/div>\n\t\t\t\t<section class=\"elementor-section elementor-inner-section elementor-element elementor-element-6b684de elementor-section-boxed elementor-section-height-default elementor-section-height-default\" data-id=\"6b684de\" data-element_type=\"section\" data-e-type=\"section\">\n\t\t\t\t\t\t<div class=\"elementor-container elementor-column-gap-default\">\n\t\t\t\t\t<div class=\"elementor-column elementor-col-50 elementor-inner-column elementor-element elementor-element-284a406\" data-id=\"284a406\" data-element_type=\"column\" data-e-type=\"column\">\n\t\t\t<div class=\"elementor-widget-wrap elementor-element-populated\">\n\t\t\t\t\t\t<div class=\"elementor-element elementor-element-a7273f0 elementor-widget elementor-widget-text-editor\" data-id=\"a7273f0\" data-element_type=\"widget\" data-e-type=\"widget\" data-widget_type=\"text-editor.default\">\n\t\t\t\t<div class=\"elementor-widget-container\">\n\t\t\t\t\t\t\t\t\t<div class=\"container\"><div class=\"row\"><div class=\"col-sm-12\"><p>Doch zu Beginn hatten beide mit Kriegstrauma zu k\u00e4mpfen und ihr Mangel an Fachwissen verhinderte eine erfolgreiche landwirtschaftliche Nutzung ihres Grundst\u00fcckes. Aber sie gaben nicht auf und die Ausdauer zahlte sich aus. Heute k\u00f6nnen die beiden M\u00e4nner dank unseres Landwirtschaftstrainings einen Gemeinschaftsbetrieb mit gutem Einkommen vorweisen.\u00a0Sie konnten bereits zus\u00e4tzliches Land pachten und 780 riesige Kohlk\u00f6pfe anbauen, die ihnen 270 Dollar eingebracht haben. Dabei haben sie noch weit nicht alle verkauft.<\/p><p>\u00ab\u00a0Wir planen, ein gebrauchtes Motorrad zu kaufen\u00a0\u00bb, sagt Peter Khemis und erkl\u00e4rt, dass sie dieses als \u2018boda-boda\u2019 (Taxi) nutzen werden, um zus\u00e4tzliches Einkommen zu erzielen. \u00ab\u00a0W\u00e4hrend das Motorrad die Einnahmen steigert, w\u00e4chst unsere zweite Ernte heran. Zudem planen wir, auch in der Nebensaison Gem\u00fcse anzupflanzen. Das ist unser Jahr, in dem wir die Umst\u00e4nde ver\u00e4ndern und endlich wieder gl\u00fccklich leben k\u00f6nnen\u00a0\u00bb, sagt er und strahlt \u00fcber das ganze Gesicht.<\/p><\/div><\/div><\/div>\t\t\t\t\t\t\t\t<\/div>\n\t\t\t\t<\/div>\n\t\t\t\t\t<\/div>\n\t\t<\/div>\n\t\t\t\t<div class=\"elementor-column elementor-col-50 elementor-inner-column elementor-element elementor-element-f7883a5\" data-id=\"f7883a5\" data-element_type=\"column\" data-e-type=\"column\">\n\t\t\t<div class=\"elementor-widget-wrap elementor-element-populated\">\n\t\t\t\t\t\t<div class=\"elementor-element elementor-element-fd3a808 elementor-widget elementor-widget-image\" data-id=\"fd3a808\" data-element_type=\"widget\" data-e-type=\"widget\" data-widget_type=\"image.default\">\n\t\t\t\t<div class=\"elementor-widget-container\">\n\t\t\t\t\t\t\t\t\t\t\t\t\t\t\t<img fetchpriority=\"high\" decoding=\"async\" width=\"800\" height=\"534\" src=\"https:\/\/forafrika.ch\/wp-content\/uploads\/2023\/08\/Uganda_Omugo_RefugeeSettlement__PeterAdumba_PeterKhemis_Sep2022_C_056-ST-L_1620x1080-1024x683.jpg\" class=\"attachment-large size-large wp-image-13116\" alt=\"Uganda Landwirtschaft Fl\u00fcchtlinge Kohlk\u00f6pfe Eigenst\u00e4ndigkeit\" srcset=\"https:\/\/forafrika.ch\/wp-content\/uploads\/2023\/08\/Uganda_Omugo_RefugeeSettlement__PeterAdumba_PeterKhemis_Sep2022_C_056-ST-L_1620x1080-1024x683.jpg 1024w, https:\/\/forafrika.ch\/wp-content\/uploads\/2023\/08\/Uganda_Omugo_RefugeeSettlement__PeterAdumba_PeterKhemis_Sep2022_C_056-ST-L_1620x1080-300x200.jpg 300w, https:\/\/forafrika.ch\/wp-content\/uploads\/2023\/08\/Uganda_Omugo_RefugeeSettlement__PeterAdumba_PeterKhemis_Sep2022_C_056-ST-L_1620x1080-768x512.jpg 768w, https:\/\/forafrika.ch\/wp-content\/uploads\/2023\/08\/Uganda_Omugo_RefugeeSettlement__PeterAdumba_PeterKhemis_Sep2022_C_056-ST-L_1620x1080-1536x1024.jpg 1536w, https:\/\/forafrika.ch\/wp-content\/uploads\/2023\/08\/Uganda_Omugo_RefugeeSettlement__PeterAdumba_PeterKhemis_Sep2022_C_056-ST-L_1620x1080.jpg 1620w\" sizes=\"(max-width: 800px) 100vw, 800px\" \/>\t\t\t\t\t\t\t\t\t\t\t\t\t\t\t<\/div>\n\t\t\t\t<\/div>\n\t\t\t\t<div class=\"elementor-element elementor-element-bddd803 elementor-widget elementor-widget-text-editor\" data-id=\"bddd803\" data-element_type=\"widget\" data-e-type=\"widget\" data-widget_type=\"text-editor.default\">\n\t\t\t\t<div class=\"elementor-widget-container\">\n\t\t\t\t\t\t\t\t\t<p>Die beiden Peter lernen von unseren ForAfrika-Mitarbeitern wie man effizient Landwirtschaft betreibt.<\/p>\t\t\t\t\t\t\t\t<\/div>\n\t\t\t\t<\/div>\n\t\t\t\t\t<\/div>\n\t\t<\/div>\n\t\t\t\t\t<\/div>\n\t\t<\/section>\n\t\t\t\t<div class=\"elementor-element elementor-element-faf32e5 elementor-widget elementor-widget-text-editor\" data-id=\"faf32e5\" data-element_type=\"widget\" data-e-type=\"widget\" data-widget_type=\"text-editor.default\">\n\t\t\t\t<div class=\"elementor-widget-container\">\n\t\t\t\t\t\t\t\t\t<div class=\"container\"><div class=\"row\"><div class=\"col-sm-12\"><h5>Ganze Gemeinschaften werden ver\u00e4ndert<\/h5><p>Der Erfolg der Freunde hat einige ihrer Nachbarn dazu angespornt, ebenfalls fleissig Ackerbau zu betreiben.<\/p><p>\u00ab\u00a0Es ist der friedlichen Koexistenz zu verdanken, dass wir von diesem Land leben k\u00f6nnen\u00a0\u00bb, sagt Peter Adumba. \u00ab\u00a0Und deshalb danken wir ForAfrika daf\u00fcr, dass sie sowohl die Fl\u00fcchtlings- als auch die Aufnahmegemeinschaft stets unterst\u00fctzt haben. Unsere Geschichte hat uns gelehrt, dass wir viel bewirken k\u00f6nnen, wenn wir uns zusammentun, aber noch viel mehr k\u00f6nnen wir erreichen, wenn eine dritte Partei uns die Hand reicht und uns zur Seite steht. Das er\u00f6ffnet uns den Horizont f\u00fcr neue M\u00f6glichkeiten\u00a0\u00bb, sagt er abschliessend.<\/p><\/div><\/div><\/div><p>Landwirtschaft ist eine effektive Methode, um Menschen in Not in die Eigenst\u00e4ndigkeit zu f\u00fchren. <br \/>Helfen auch Sie mit und s\u00e4hen Sie noch heute in unsere Landwirtschaftsprojekte.<\/p>\t\t\t\t\t\t\t\t<\/div>\n\t\t\t\t<\/div>\n\t\t\t\t<div class=\"elementor-element elementor-element-0d42190 elementor-widget elementor-widget-button\" data-id=\"0d42190\" data-element_type=\"widget\" data-e-type=\"widget\" data-widget_type=\"button.default\">\n\t\t\t\t<div class=\"elementor-widget-container\">\n\t\t\t\t\t\t\t\t\t<div class=\"elementor-button-wrapper\">\n\t\t\t\t\t<a class=\"elementor-button elementor-button-link elementor-size-sm\" href=\"https:\/\/spende.forafrika.ch\/de\/pay?tid=9071ac5a&#038;invoice_amount=&#038;invoice_number=Spende%20f\u00fcr%20Landwirtschaft%20(News%20Peter)\" target=\"_blank\">\n\t\t\t\t\t\t<span class=\"elementor-button-content-wrapper\">\n\t\t\t\t\t\t\t\t\t<span class=\"elementor-button-text\">Jetzt Eigenst\u00e4ndigkeit pflanzen<\/span>\n\t\t\t\t\t<\/span>\n\t\t\t\t\t<\/a>\n\t\t\t\t<\/div>\n\t\t\t\t\t\t\t\t<\/div>\n\t\t\t\t<\/div>\n\t\t\t\t<div class=\"elementor-element elementor-element-aec3ebf elementor-widget elementor-widget-image\" data-id=\"aec3ebf\" data-element_type=\"widget\" data-e-type=\"widget\" data-widget_type=\"image.default\">\n\t\t\t\t<div class=\"elementor-widget-container\">\n\t\t\t\t\t\t\t\t\t\t\t\t\t\t\t<img decoding=\"async\" src=\"https:\/\/forafrika.ch\/wp-content\/uploads\/2023\/08\/Uganda_Omugo_RefugeeSettlement__PeterAdumba_PeterKhemis_Sep2022_C_074-ST-L_1620x1080.jpg\" title=\"Uganda_Omugo_RefugeeSettlement__PeterAdumba_PeterKhemis_Sep2022_C_074 ST L_1620x1080\" alt=\"Uganda Landwirtschaft Fl\u00fcchtlinge Kohlk\u00f6pfe Eigenst\u00e4ndigkeit\" loading=\"lazy\" \/>\t\t\t\t\t\t\t\t\t\t\t\t\t\t\t<\/div>\n\t\t\t\t<\/div>\n\t\t\t\t<div class=\"elementor-element elementor-element-0ceeeb8 elementor-widget elementor-widget-text-editor\" data-id=\"0ceeeb8\" data-element_type=\"widget\" data-e-type=\"widget\" data-widget_type=\"text-editor.default\">\n\t\t\t\t<div class=\"elementor-widget-container\">\n\t\t\t\t\t\t\t\t\t<p>Unsere lokalen Mitarbeitenden vermitteln Fachwissen und praktisches Training f\u00fcr eine umweltfreundliche und nachhaltige Landwirtschaft.<\/p>\t\t\t\t\t\t\t\t<\/div>\n\t\t\t\t<\/div>\n\t\t\t\t\t<\/div>\n\t\t<\/div>\n\t\t\t\t\t<\/div>\n\t\t<\/section>\n\t\t\t\t<section class=\"elementor-section elementor-top-section elementor-element elementor-element-c406efb elementor-section-boxed elementor-section-height-default elementor-section-height-default\" data-id=\"c406efb\" data-element_type=\"section\" data-e-type=\"section\" data-settings=\"{&quot;background_background&quot;:&quot;classic&quot;}\">\n\t\t\t\t\t\t<div class=\"elementor-container elementor-column-gap-default\">\n\t\t\t\t\t<div class=\"elementor-column elementor-col-100 elementor-top-column elementor-element elementor-element-5f7f257\" data-id=\"5f7f257\" data-element_type=\"column\" data-e-type=\"column\">\n\t\t\t<div class=\"elementor-widget-wrap elementor-element-populated\">\n\t\t\t\t\t\t<div class=\"elementor-element elementor-element-7dc6a1cc elementor-widget elementor-widget-heading\" data-id=\"7dc6a1cc\" data-element_type=\"widget\" data-e-type=\"widget\" data-widget_type=\"heading.default\">\n\t\t\t\t<div class=\"elementor-widget-container\">\n\t\t\t\t\t<h2 class=\"elementor-heading-title elementor-size-default\">Jetzt Eigenst\u00e4ndigkeit pflanzen<\/h2>\t\t\t\t<\/div>\n\t\t\t\t<\/div>\n\t\t\t\t<div class=\"elementor-element elementor-element-4c2e1941 elementor-widget__width-initial elementor-widget elementor-widget-text-editor\" data-id=\"4c2e1941\" data-element_type=\"widget\" data-e-type=\"widget\" data-widget_type=\"text-editor.default\">\n\t\t\t\t<div class=\"elementor-widget-container\">\n\t\t\t\t\t\t\t\t\t<p>Spenden Sie jetzt und tragen Sie dazu bei, dass Afrika gedeiht!<br \/>Spenden an Schweiz ForAfrika sind von den Steuern abziehbar.<\/p>\t\t\t\t\t\t\t\t<\/div>\n\t\t\t\t<\/div>\n\t\t\t\t<div class=\"elementor-element elementor-element-361ad739 elementor-widget elementor-widget-html\" data-id=\"361ad739\" data-element_type=\"widget\" data-e-type=\"widget\" data-widget_type=\"html.default\">\n\t\t\t\t<div class=\"elementor-widget-container\">\n\t\t\t\t\t<div class=\"btns\">\n    <a class=\"btn btn-payrexx btn-payrexx-modal\" href=\"https:\/\/spende.forafrika.ch\/de\/pay?tid=9071ac5a&amp;invoice_amount=25&amp;invoice_number=Spende f\u00fcr Landwirtschaft (News Peter)\">CHF&nbsp25\n    <\/a>\n    <a class=\"btn btn-payrexx btn-payrexx-modal\" href=\"https:\/\/spende.forafrika.ch\/de\/pay?tid=9071ac5a&amp;invoice_amount=50&amp;invoice_number=Spende f\u00fcr Landwirtschaft (News Peter)\">CHF&nbsp50\n    <\/a>\n    <a class=\"btn btn-payrexx btn-payrexx-modal\" href=\"https:\/\/spende.forafrika.ch\/de\/pay?tid=9071ac5a&amp;invoice_amount=100&amp;invoice_number=Spende f\u00fcr Landwirtschaft (News Peter)\">CHF&nbsp100\n    <\/a>\n    <a class=\"btn btn-payrexx btn-payrexx-modal\" href=\"https:\/\/spende.forafrika.ch\/de\/pay?tid=9071ac5a&amp;invoice_amount=300&amp;invoice_number=Spende f\u00fcr Landwirtschaft (News Peter)\">CHF&nbsp300\n    <\/a>\n    <a class=\"btn btn-payrexx btn-payrexx-modal\" href=\"https:\/\/spende.forafrika.ch\/de\/pay?tid=9071ac5a&amp;invoice_amount=&amp;invoice_number=Spende f\u00fcr Landwirtschaft (News Peter)\" data-href=\"https:\/\/spende.forafrika.ch\/de\/pay?tid=9071ac5a&amp;invoice_amount=&amp;invoice_number=Spende f\u00fcr Landwirtschaft (News Peter)\" data->Freier Betrag\n    <\/a>\n<\/div>\n\n<style>\n.btns{\n    text-align: center;\nline-height: 5\n}\n.btns .btn-payrexx{\n    position: relative;\n    color: #ffffff;\n    background-color: var(--e-global-color-accent);\n    padding: 22px 20px 33px;\n    margin: 0 5px 15px 5px;\n    font-size: 20px;\n    font-weight: 500;\n    border-radius: 5px;\n    line-height: 1.5\n}\n.btns .btn-payrexx span{\n    position: absolute;\n    width: 100%;\n    top: 44px;\n    left: 0;\n    font-size: 12px;\n    font-weight: 300;\n    text-align: center;\n    line-height: 1.5\n}\n.btns .btn-payrexx:hover{\n    background-color: var(--e-global-color-cbb3530);\n}\n\n<\/style>\t\t\t\t<\/div>\n\t\t\t\t<\/div>\n\t\t\t\t<div class=\"elementor-element elementor-element-5baa3a07 elementor-widget elementor-widget-image\" data-id=\"5baa3a07\" data-element_type=\"widget\" data-e-type=\"widget\" data-widget_type=\"image.default\">\n\t\t\t\t<div class=\"elementor-widget-container\">\n\t\t\t\t\t\t\t\t\t\t\t\t\t\t\t\t<a href=\"https:\/\/zewo.ch\/de\/npo-detail\/?relief_organization=schweiz-forafrika\" target=\"_blank\" rel=\"noopener\">\n\t\t\t\t\t\t\t<img decoding=\"async\" width=\"750\" height=\"188\" src=\"https:\/\/forafrika.ch\/wp-content\/uploads\/2022\/11\/ZEWO_Logo_Claim_D_4c.png\" class=\"attachment-large size-large wp-image-8280\" alt=\"\" srcset=\"https:\/\/forafrika.ch\/wp-content\/uploads\/2022\/11\/ZEWO_Logo_Claim_D_4c.png 750w, https:\/\/forafrika.ch\/wp-content\/uploads\/2022\/11\/ZEWO_Logo_Claim_D_4c-300x75.png 300w\" sizes=\"(max-width: 750px) 100vw, 750px\" \/>\t\t\t\t\t\t\t\t<\/a>\n\t\t\t\t\t\t\t\t\t\t\t\t\t\t\t<\/div>\n\t\t\t\t<\/div>\n\t\t\t\t\t<\/div>\n\t\t<\/div>\n\t\t\t\t\t<\/div>\n\t\t<\/section>\n\t\t\t\t<section class=\"elementor-section elementor-top-section elementor-element elementor-element-20a8d092 lbg elementor-section-boxed elementor-section-height-default elementor-section-height-default\" data-id=\"20a8d092\" data-element_type=\"section\" data-e-type=\"section\" data-settings=\"{&quot;background_background&quot;:&quot;classic&quot;}\">\n\t\t\t\t\t\t<div class=\"elementor-container elementor-column-gap-default\">\n\t\t\t\t\t<div class=\"elementor-column elementor-col-100 elementor-top-column elementor-element elementor-element-70fab53a\" data-id=\"70fab53a\" data-element_type=\"column\" data-e-type=\"column\">\n\t\t\t<div class=\"elementor-widget-wrap elementor-element-populated\">\n\t\t\t\t\t\t<div class=\"elementor-element elementor-element-e71f2eb elementor-widget elementor-widget-heading\" data-id=\"e71f2eb\" data-element_type=\"widget\" data-e-type=\"widget\" data-widget_type=\"heading.default\">\n\t\t\t\t<div class=\"elementor-widget-container\">\n\t\t\t\t\t<h2 class=\"elementor-heading-title elementor-size-default\">Aktuelle Projekte<\/h2>\t\t\t\t<\/div>\n\t\t\t\t<\/div>\n\t\t\t\t<div class=\"elementor-element elementor-element-53b2922a elementor-grid-3 elementor-grid-tablet-2 elementor-grid-mobile-1 elementor-widget elementor-widget-loop-grid\" data-id=\"53b2922a\" data-element_type=\"widget\" data-e-type=\"widget\" data-settings=\"{&quot;template_id&quot;:7292,&quot;_skin&quot;:&quot;post&quot;,&quot;columns&quot;:&quot;3&quot;,&quot;columns_tablet&quot;:&quot;2&quot;,&quot;columns_mobile&quot;:&quot;1&quot;,&quot;edit_handle_selector&quot;:&quot;[data-elementor-type=\\&quot;loop-item\\&quot;]&quot;,&quot;row_gap&quot;:{&quot;unit&quot;:&quot;px&quot;,&quot;size&quot;:&quot;&quot;,&quot;sizes&quot;:[]},&quot;row_gap_laptop&quot;:{&quot;unit&quot;:&quot;px&quot;,&quot;size&quot;:&quot;&quot;,&quot;sizes&quot;:[]},&quot;row_gap_tablet&quot;:{&quot;unit&quot;:&quot;px&quot;,&quot;size&quot;:&quot;&quot;,&quot;sizes&quot;:[]},&quot;row_gap_mobile&quot;:{&quot;unit&quot;:&quot;px&quot;,&quot;size&quot;:&quot;&quot;,&quot;sizes&quot;:[]}}\" data-widget_type=\"loop-grid.post\">\n\t\t\t\t<div class=\"elementor-widget-container\">\n\t\t\t\t\t\t\t<div class=\"elementor-loop-container elementor-grid\" role=\"list\">\n\t\t<style id=\"loop-dynamic-7292\">.e-loop-item-20676 .elementor-element.elementor-element-ba572a6 > .elementor-widget-container{background-image:url(\"https:\/\/forafrika.ch\/wp-content\/uploads\/2024\/10\/Ernaehrung-1.png\");}<\/style><style id=\"loop-7292\">.elementor-7292 .elementor-element.elementor-element-a609148 > .elementor-container{display:flex;max-width:800px;}.elementor-7292 .elementor-element.elementor-element-ba572a6{--spacer-size:250px;}.elementor-7292 .elementor-element.elementor-element-ba572a6 > .elementor-widget-container{background-position:center center;background-repeat:no-repeat;background-size:cover;border-radius:5px 5px 5px 5px;}.elementor-7292 .elementor-element.elementor-element-05dabd2 .elementor-heading-title{font-family:\"Soehne mono\", Sans-serif;font-size:18px;color:var( --e-global-color-accent );}.elementor-7292 .elementor-element.elementor-element-05dabd2 > .elementor-widget-container{margin:20px 0px 0px 0px;}.elementor-7292 .elementor-element.elementor-element-fdad588 .elementor-heading-title{font-family:\"Soehne\", Sans-serif;font-size:28px;font-weight:600;}.elementor-7292 .elementor-element.elementor-element-fdad588 > .elementor-widget-container{padding:0px 0px 0px 0px;}.elementor-7292 .elementor-element.elementor-element-8ea256e > .elementor-widget-container{margin:0px 0px 15px 0px;padding:0px 0px 0px 0px;}@media(min-width:1281px){.elementor-7292 .elementor-element.elementor-element-ba572a6 > .elementor-widget-container{background-attachment:scroll;}}<\/style>\t\t<div data-elementor-type=\"loop-item\" data-elementor-id=\"7292\" class=\"elementor elementor-7292 e-loop-item e-loop-item-20676 post-20676 projekte type-projekte status-publish has-post-thumbnail hentry projekt_kategorie-lalimentation projekt_kategorie-leducation\" data-elementor-post-type=\"elementor_library\" data-custom-edit-handle=\"1\">\n\t\t\t\t\t<section class=\"elementor-section elementor-top-section elementor-element elementor-element-a609148 elementor-section-boxed elementor-section-height-default elementor-section-height-default\" data-id=\"a609148\" data-element_type=\"section\" data-e-type=\"section\">\n\t\t\t\t\t\t<div class=\"elementor-container elementor-column-gap-no\">\n\t\t\t\t\t<div class=\"make-column-clickable-elementor elementor-column elementor-col-100 elementor-top-column elementor-element elementor-element-2a6981e\" style=\"cursor: pointer;\" data-column-clickable=\"https:\/\/forafrika.ch\/fr\/projekt\/nutrition-scolaire-en-angola\/\" data-column-clickable-blank=\"_self\" data-id=\"2a6981e\" data-element_type=\"column\" data-e-type=\"column\">\n\t\t\t<div class=\"elementor-widget-wrap elementor-element-populated\">\n\t\t\t\t\t\t<div class=\"elementor-element elementor-element-05dabd2 elementor-widget elementor-widget-heading\" data-id=\"05dabd2\" data-element_type=\"widget\" data-e-type=\"widget\" data-widget_type=\"heading.default\">\n\t\t\t\t<div class=\"elementor-widget-container\">\n\t\t\t\t\t<h4 class=\"elementor-heading-title elementor-size-default\">Angola<\/h4>\t\t\t\t<\/div>\n\t\t\t\t<\/div>\n\t\t\t\t<div class=\"elementor-element elementor-element-fdad588 elementor-widget elementor-widget-heading\" data-id=\"fdad588\" data-element_type=\"widget\" data-e-type=\"widget\" data-widget_type=\"heading.default\">\n\t\t\t\t<div class=\"elementor-widget-container\">\n\t\t\t\t\t<h2 class=\"elementor-heading-title elementor-size-default\">Nutrition scolaire en Angola<\/h2>\t\t\t\t<\/div>\n\t\t\t\t<\/div>\n\t\t\t\t<div class=\"elementor-element elementor-element-8ea256e elementor-widget elementor-widget-theme-post-excerpt\" data-id=\"8ea256e\" data-element_type=\"widget\" data-e-type=\"widget\" data-widget_type=\"theme-post-excerpt.default\">\n\t\t\t\t<div class=\"elementor-widget-container\">\n\t\t\t\t\tLe projet vise \u00e0 lutter contre la malnutrition chez 6.500 \u00e9coliers de la province de Benguela, en Angola. Des repas scolaires quotidiens nutritifs sont fournis afin d'encourager la fr\u00e9quentation scolaire et d'offrir aux enfants un avenir meilleur. \t\t\t\t<\/div>\n\t\t\t\t<\/div>\n\t\t\t\t<div class=\"elementor-element elementor-element-e178512 elementor-widget elementor-widget-shortcode\" data-id=\"e178512\" data-element_type=\"widget\" data-e-type=\"widget\" data-widget_type=\"shortcode.default\">\n\t\t\t\t<div class=\"elementor-widget-container\">\n\t\t\t\t\t\t\t<div class=\"elementor-shortcode\">\n<div class=\"projekt-progress-bar\">\n\t<div class=\"bar-block\">\n\t\t<div class=\"max-bar-block\">\n\t\t\t<div class=\"current-bar-block\" style=\"width: calc(115000 \/ 741000 * 100% )\"><\/div>\n\t\t\t<\/div>\n\t<\/div>\n\t<p class=\"text-block\">\n\t\t\t<span>\n\t\tCHF 115'000\t\t<\/span>\n\t\t\t von CHF 741'000 gespendet\t<\/p>\n<\/div>\n<\/div>\n\t\t\t\t\t\t<\/div>\n\t\t\t\t<\/div>\n\t\t\t\t\t<\/div>\n\t\t<\/div>\n\t\t\t\t\t<\/div>\n\t\t<\/section>\n\t\t\t\t<\/div>\n\t\t<style id=\"loop-dynamic-7292\">.e-loop-item-20611 .elementor-element.elementor-element-ba572a6 > .elementor-widget-container{background-image:url(\"https:\/\/forafrika.ch\/wp-content\/uploads\/2024\/02\/ANG3907_SouthSudan_BOR_HealthNutrition_activities_S_012_ST-Gross.jpg\");}<\/style>\t\t<div data-elementor-type=\"loop-item\" data-elementor-id=\"7292\" class=\"elementor elementor-7292 e-loop-item e-loop-item-20611 post-20611 projekte type-projekte status-publish has-post-thumbnail hentry projekt_kategorie-sante\" data-elementor-post-type=\"elementor_library\" data-custom-edit-handle=\"1\">\n\t\t\t\t\t<section class=\"elementor-section elementor-top-section elementor-element elementor-element-a609148 elementor-section-boxed elementor-section-height-default elementor-section-height-default\" data-id=\"a609148\" data-element_type=\"section\" data-e-type=\"section\">\n\t\t\t\t\t\t<div class=\"elementor-container elementor-column-gap-no\">\n\t\t\t\t\t<div class=\"make-column-clickable-elementor elementor-column elementor-col-100 elementor-top-column elementor-element elementor-element-2a6981e\" style=\"cursor: pointer;\" data-column-clickable=\"https:\/\/forafrika.ch\/fr\/projekt\/centre-medical-du-sud-soudan\/\" data-column-clickable-blank=\"_self\" data-id=\"2a6981e\" data-element_type=\"column\" data-e-type=\"column\">\n\t\t\t<div class=\"elementor-widget-wrap elementor-element-populated\">\n\t\t\t\t\t\t<div class=\"elementor-element elementor-element-05dabd2 elementor-widget elementor-widget-heading\" data-id=\"05dabd2\" data-element_type=\"widget\" data-e-type=\"widget\" data-widget_type=\"heading.default\">\n\t\t\t\t<div class=\"elementor-widget-container\">\n\t\t\t\t\t<h4 class=\"elementor-heading-title elementor-size-default\">S\u00fcdsudan<\/h4>\t\t\t\t<\/div>\n\t\t\t\t<\/div>\n\t\t\t\t<div class=\"elementor-element elementor-element-fdad588 elementor-widget elementor-widget-heading\" data-id=\"fdad588\" data-element_type=\"widget\" data-e-type=\"widget\" data-widget_type=\"heading.default\">\n\t\t\t\t<div class=\"elementor-widget-container\">\n\t\t\t\t\t<h2 class=\"elementor-heading-title elementor-size-default\">Centre m\u00e9dical du Sud-Soudan<\/h2>\t\t\t\t<\/div>\n\t\t\t\t<\/div>\n\t\t\t\t<div class=\"elementor-element elementor-element-8ea256e elementor-widget elementor-widget-theme-post-excerpt\" data-id=\"8ea256e\" data-element_type=\"widget\" data-e-type=\"widget\" data-widget_type=\"theme-post-excerpt.default\">\n\t\t\t\t<div class=\"elementor-widget-container\">\n\t\t\t\t\tL'objectif du projet est de r\u00e9duire la mortalit\u00e9 maternelle et infantile en am\u00e9liorant l'acc\u00e8s \u00e0 des services de sant\u00e9 de qualit\u00e9, en renfor\u00e7ant les syst\u00e8mes de sant\u00e9 et en responsabilisant les communaut\u00e9s par l'\u00e9ducation et l'engagement.\t\t\t\t<\/div>\n\t\t\t\t<\/div>\n\t\t\t\t<div class=\"elementor-element elementor-element-e178512 elementor-widget elementor-widget-shortcode\" data-id=\"e178512\" data-element_type=\"widget\" data-e-type=\"widget\" data-widget_type=\"shortcode.default\">\n\t\t\t\t<div class=\"elementor-widget-container\">\n\t\t\t\t\t\t\t<div class=\"elementor-shortcode\">\n<div class=\"projekt-progress-bar\">\n\t<div class=\"bar-block\">\n\t\t<div class=\"max-bar-block\">\n\t\t\t<div class=\"current-bar-block\" style=\"width: calc(210000 \/ 257400 * 100% )\"><\/div>\n\t\t\t<\/div>\n\t<\/div>\n\t<p class=\"text-block\">\n\t\t\t<span>\n\t\tCHF 210'000\t\t<\/span>\n\t\t\t von CHF 257'400 gespendet\t<\/p>\n<\/div>\n<\/div>\n\t\t\t\t\t\t<\/div>\n\t\t\t\t<\/div>\n\t\t\t\t\t<\/div>\n\t\t<\/div>\n\t\t\t\t\t<\/div>\n\t\t<\/section>\n\t\t\t\t<\/div>\n\t\t<style id=\"loop-dynamic-7292\">.e-loop-item-20622 .elementor-element.elementor-element-ba572a6 > .elementor-widget-container{background-image:url(\"https:\/\/forafrika.ch\/wp-content\/uploads\/2023\/02\/A-beneficiary-in-Gbosu-village-fetching-water-from-the-well_1920x865.jpg\");}<\/style>\t\t<div data-elementor-type=\"loop-item\" data-elementor-id=\"7292\" class=\"elementor elementor-7292 e-loop-item e-loop-item-20622 post-20622 projekte type-projekte status-publish has-post-thumbnail hentry projekt_kategorie-leau projekt_kategorie-sante\" data-elementor-post-type=\"elementor_library\" data-custom-edit-handle=\"1\">\n\t\t\t\t\t<section class=\"elementor-section elementor-top-section elementor-element elementor-element-a609148 elementor-section-boxed elementor-section-height-default elementor-section-height-default\" data-id=\"a609148\" data-element_type=\"section\" data-e-type=\"section\">\n\t\t\t\t\t\t<div class=\"elementor-container elementor-column-gap-no\">\n\t\t\t\t\t<div class=\"make-column-clickable-elementor elementor-column elementor-col-100 elementor-top-column elementor-element elementor-element-2a6981e\" style=\"cursor: pointer;\" data-column-clickable=\"https:\/\/forafrika.ch\/fr\/projekt\/wash-eau-et-hygiene-pour-louganda\/\" data-column-clickable-blank=\"_self\" data-id=\"2a6981e\" data-element_type=\"column\" data-e-type=\"column\">\n\t\t\t<div class=\"elementor-widget-wrap elementor-element-populated\">\n\t\t\t\t\t\t<div class=\"elementor-element elementor-element-05dabd2 elementor-widget elementor-widget-heading\" data-id=\"05dabd2\" data-element_type=\"widget\" data-e-type=\"widget\" data-widget_type=\"heading.default\">\n\t\t\t\t<div class=\"elementor-widget-container\">\n\t\t\t\t\t<h4 class=\"elementor-heading-title elementor-size-default\">Uganda<\/h4>\t\t\t\t<\/div>\n\t\t\t\t<\/div>\n\t\t\t\t<div class=\"elementor-element elementor-element-fdad588 elementor-widget elementor-widget-heading\" data-id=\"fdad588\" data-element_type=\"widget\" data-e-type=\"widget\" data-widget_type=\"heading.default\">\n\t\t\t\t<div class=\"elementor-widget-container\">\n\t\t\t\t\t<h2 class=\"elementor-heading-title elementor-size-default\">WASH &#8211; Eau et hygi\u00e8ne pour l&rsquo;Ouganda<\/h2>\t\t\t\t<\/div>\n\t\t\t\t<\/div>\n\t\t\t\t<div class=\"elementor-element elementor-element-8ea256e elementor-widget elementor-widget-theme-post-excerpt\" data-id=\"8ea256e\" data-element_type=\"widget\" data-e-type=\"widget\" data-widget_type=\"theme-post-excerpt.default\">\n\t\t\t\t<div class=\"elementor-widget-container\">\n\t\t\t\t\tLe projet vise \u00e0 soutenir la promotion de la sant\u00e9 et la s\u00e9curit\u00e9 alimentaire en construisant un syst\u00e8me d'eau et d'assainissement dans les communaut\u00e9s vuln\u00e9rables de la sous-r\u00e9gion de Karamoja en Ouganda.\t\t\t\t<\/div>\n\t\t\t\t<\/div>\n\t\t\t\t<div class=\"elementor-element elementor-element-e178512 elementor-widget elementor-widget-shortcode\" data-id=\"e178512\" data-element_type=\"widget\" data-e-type=\"widget\" data-widget_type=\"shortcode.default\">\n\t\t\t\t<div class=\"elementor-widget-container\">\n\t\t\t\t\t\t\t<div class=\"elementor-shortcode\">\n<div class=\"projekt-progress-bar\">\n\t<div class=\"bar-block\">\n\t\t<div class=\"max-bar-block\">\n\t\t\t<div class=\"current-bar-block\" style=\"width: calc(14703 \/ 400000 * 100% )\"><\/div>\n\t\t\t<\/div>\n\t<\/div>\n\t<p class=\"text-block\">\n\t\t\t<span>\n\t\tCHF 14'703\t\t<\/span>\n\t\t\t von CHF 400'000 gespendet\t<\/p>\n<\/div>\n<\/div>\n\t\t\t\t\t\t<\/div>\n\t\t\t\t<\/div>\n\t\t\t\t\t<\/div>\n\t\t<\/div>\n\t\t\t\t\t<\/div>\n\t\t<\/section>\n\t\t\t\t<\/div>\n\t\t<style id=\"loop-dynamic-7292\">.e-loop-item-20626 .elementor-element.elementor-element-ba572a6 > .elementor-widget-container{background-image:url(\"https:\/\/forafrika.ch\/wp-content\/uploads\/2024\/10\/smart-center-pic1.png\");}<\/style>\t\t<div data-elementor-type=\"loop-item\" data-elementor-id=\"7292\" class=\"elementor elementor-7292 e-loop-item e-loop-item-20626 post-20626 projekte type-projekte status-publish has-post-thumbnail hentry projekt_kategorie-developpement projekt_kategorie-lalimentation projekt_kategorie-leducation\" data-elementor-post-type=\"elementor_library\" data-custom-edit-handle=\"1\">\n\t\t\t\t\t<section class=\"elementor-section elementor-top-section elementor-element elementor-element-a609148 elementor-section-boxed elementor-section-height-default elementor-section-height-default\" data-id=\"a609148\" data-element_type=\"section\" data-e-type=\"section\">\n\t\t\t\t\t\t<div class=\"elementor-container elementor-column-gap-no\">\n\t\t\t\t\t<div class=\"make-column-clickable-elementor elementor-column elementor-col-100 elementor-top-column elementor-element elementor-element-2a6981e\" style=\"cursor: pointer;\" data-column-clickable=\"https:\/\/forafrika.ch\/fr\/projekt\/centre-smart\/\" data-column-clickable-blank=\"_self\" data-id=\"2a6981e\" data-element_type=\"column\" data-e-type=\"column\">\n\t\t\t<div class=\"elementor-widget-wrap elementor-element-populated\">\n\t\t\t\t\t\t<div class=\"elementor-element elementor-element-05dabd2 elementor-widget elementor-widget-heading\" data-id=\"05dabd2\" data-element_type=\"widget\" data-e-type=\"widget\" data-widget_type=\"heading.default\">\n\t\t\t\t<div class=\"elementor-widget-container\">\n\t\t\t\t\t<h4 class=\"elementor-heading-title elementor-size-default\">Uganda<\/h4>\t\t\t\t<\/div>\n\t\t\t\t<\/div>\n\t\t\t\t<div class=\"elementor-element elementor-element-fdad588 elementor-widget elementor-widget-heading\" data-id=\"fdad588\" data-element_type=\"widget\" data-e-type=\"widget\" data-widget_type=\"heading.default\">\n\t\t\t\t<div class=\"elementor-widget-container\">\n\t\t\t\t\t<h2 class=\"elementor-heading-title elementor-size-default\">Centre SMART<\/h2>\t\t\t\t<\/div>\n\t\t\t\t<\/div>\n\t\t\t\t<div class=\"elementor-element elementor-element-8ea256e elementor-widget elementor-widget-theme-post-excerpt\" data-id=\"8ea256e\" data-element_type=\"widget\" data-e-type=\"widget\" data-widget_type=\"theme-post-excerpt.default\">\n\t\t\t\t<div class=\"elementor-widget-container\">\n\t\t\t\t\tL'objectif du projet est de cr\u00e9er un centre SMART dans la r\u00e9gion du Nil occidental en Ouganda afin d'am\u00e9liorer la s\u00e9curit\u00e9 alimentaire et la r\u00e9silience des communaut\u00e9s de r\u00e9fugi\u00e9s gr\u00e2ce \u00e0 des technologies agricoles durables.\t\t\t\t<\/div>\n\t\t\t\t<\/div>\n\t\t\t\t<div class=\"elementor-element elementor-element-e178512 elementor-widget elementor-widget-shortcode\" data-id=\"e178512\" data-element_type=\"widget\" data-e-type=\"widget\" data-widget_type=\"shortcode.default\">\n\t\t\t\t<div class=\"elementor-widget-container\">\n\t\t\t\t\t\t\t<div class=\"elementor-shortcode\">\n<div class=\"projekt-progress-bar\">\n\t<div class=\"bar-block\">\n\t\t<div class=\"max-bar-block\">\n\t\t\t<div class=\"current-bar-block\" style=\"width: calc(26997 \/ 114000 * 100% )\"><\/div>\n\t\t\t<\/div>\n\t<\/div>\n\t<p class=\"text-block\">\n\t\t\t<span>\n\t\tCHF 26'997\t\t<\/span>\n\t\t\t von CHF 114'000 gespendet\t<\/p>\n<\/div>\n<\/div>\n\t\t\t\t\t\t<\/div>\n\t\t\t\t<\/div>\n\t\t\t\t\t<\/div>\n\t\t<\/div>\n\t\t\t\t\t<\/div>\n\t\t<\/section>\n\t\t\t\t<\/div>\n\t\t<style id=\"loop-dynamic-7292\">.e-loop-item-20630 .elementor-element.elementor-element-ba572a6 > .elementor-widget-container{background-image:url(\"https:\/\/forafrika.ch\/wp-content\/uploads\/2023\/01\/Uganda_Lobule_KulubaReceptionCentre_Sep2022_C_114-ST-L_1620x1080-1.jpg\");}<\/style>\t\t<div data-elementor-type=\"loop-item\" data-elementor-id=\"7292\" class=\"elementor elementor-7292 e-loop-item e-loop-item-20630 post-20630 projekte type-projekte status-publish has-post-thumbnail hentry projekt_kategorie-developpement\" data-elementor-post-type=\"elementor_library\" data-custom-edit-handle=\"1\">\n\t\t\t\t\t<section class=\"elementor-section elementor-top-section elementor-element elementor-element-a609148 elementor-section-boxed elementor-section-height-default elementor-section-height-default\" data-id=\"a609148\" data-element_type=\"section\" data-e-type=\"section\">\n\t\t\t\t\t\t<div class=\"elementor-container elementor-column-gap-no\">\n\t\t\t\t\t<div class=\"make-column-clickable-elementor elementor-column elementor-col-100 elementor-top-column elementor-element elementor-element-2a6981e\" style=\"cursor: pointer;\" data-column-clickable=\"https:\/\/forafrika.ch\/fr\/projekt\/un-potager-pour-jonnathans-house\/\" data-column-clickable-blank=\"_self\" data-id=\"2a6981e\" data-element_type=\"column\" data-e-type=\"column\">\n\t\t\t<div class=\"elementor-widget-wrap elementor-element-populated\">\n\t\t\t\t\t\t<div class=\"elementor-element elementor-element-05dabd2 elementor-widget elementor-widget-heading\" data-id=\"05dabd2\" data-element_type=\"widget\" data-e-type=\"widget\" data-widget_type=\"heading.default\">\n\t\t\t\t<div class=\"elementor-widget-container\">\n\t\t\t\t\t<h4 class=\"elementor-heading-title elementor-size-default\">ZAR<\/h4>\t\t\t\t<\/div>\n\t\t\t\t<\/div>\n\t\t\t\t<div class=\"elementor-element elementor-element-fdad588 elementor-widget elementor-widget-heading\" data-id=\"fdad588\" data-element_type=\"widget\" data-e-type=\"widget\" data-widget_type=\"heading.default\">\n\t\t\t\t<div class=\"elementor-widget-container\">\n\t\t\t\t\t<h2 class=\"elementor-heading-title elementor-size-default\">Un potager pour Jonnathan&rsquo;s House<\/h2>\t\t\t\t<\/div>\n\t\t\t\t<\/div>\n\t\t\t\t<div class=\"elementor-element elementor-element-8ea256e elementor-widget elementor-widget-theme-post-excerpt\" data-id=\"8ea256e\" data-element_type=\"widget\" data-e-type=\"widget\" data-widget_type=\"theme-post-excerpt.default\">\n\t\t\t\t<div class=\"elementor-widget-container\">\n\t\t\t\t\tLa R\u00e9publique centrafricaine (RCA) est confront\u00e9e \u00e0 de graves crises politico-militaires depuis 2013. Malgr\u00e9 ses richesses naturelles et son potentiel agricole, le pays fait partie des dix pays les plus pauvres du monde. Ce projet vise \u00e0 lutter contre la malnutrition, \u00e0 am\u00e9liorer la s\u00e9curit\u00e9 alimentaire et \u00e0 soutenir la scolarisation dans les r\u00e9gions de Sibut et de Ngoumb\u00e9l\u00e9.  \t\t\t\t<\/div>\n\t\t\t\t<\/div>\n\t\t\t\t<div class=\"elementor-element elementor-element-e178512 elementor-widget elementor-widget-shortcode\" data-id=\"e178512\" data-element_type=\"widget\" data-e-type=\"widget\" data-widget_type=\"shortcode.default\">\n\t\t\t\t<div class=\"elementor-widget-container\">\n\t\t\t\t\t\t\t<div class=\"elementor-shortcode\">\n<div class=\"projekt-progress-bar\">\n\t<div class=\"bar-block\">\n\t\t<div class=\"max-bar-block\">\n\t\t\t<div class=\"current-bar-block\" style=\"width: calc(16000 \/ 51400 * 100% )\"><\/div>\n\t\t\t<\/div>\n\t<\/div>\n\t<p class=\"text-block\">\n\t\t\t<span>\n\t\tCHF 16'000\t\t<\/span>\n\t\t\t von CHF 51'400 gespendet\t<\/p>\n<\/div>\n<\/div>\n\t\t\t\t\t\t<\/div>\n\t\t\t\t<\/div>\n\t\t\t\t\t<\/div>\n\t\t<\/div>\n\t\t\t\t\t<\/div>\n\t\t<\/section>\n\t\t\t\t<\/div>\n\t\t<style id=\"loop-dynamic-7292\">.e-loop-item-9964 .elementor-element.elementor-element-ba572a6 > .elementor-widget-container{background-image:url(\"https:\/\/forafrika.ch\/wp-content\/uploads\/2023\/02\/Uganda_Omugo_Water_Sep2022_C_088-ST-L_1620x1080.jpg\");}<\/style>\t\t<div data-elementor-type=\"loop-item\" data-elementor-id=\"7292\" class=\"elementor elementor-7292 e-loop-item e-loop-item-9964 post-9964 projekte type-projekte status-publish has-post-thumbnail hentry\" data-elementor-post-type=\"elementor_library\" data-custom-edit-handle=\"1\">\n\t\t\t\t\t<section class=\"elementor-section elementor-top-section elementor-element elementor-element-a609148 elementor-section-boxed elementor-section-height-default elementor-section-height-default\" data-id=\"a609148\" data-element_type=\"section\" data-e-type=\"section\">\n\t\t\t\t\t\t<div class=\"elementor-container elementor-column-gap-no\">\n\t\t\t\t\t<div class=\"make-column-clickable-elementor elementor-column elementor-col-100 elementor-top-column elementor-element elementor-element-2a6981e\" style=\"cursor: pointer;\" data-column-clickable=\"https:\/\/forafrika.ch\/fr\/projekt\/grand-projet-de-leau-pour-louganda\/\" data-column-clickable-blank=\"_self\" data-id=\"2a6981e\" data-element_type=\"column\" data-e-type=\"column\">\n\t\t\t<div class=\"elementor-widget-wrap elementor-element-populated\">\n\t\t\t\t\t\t<div class=\"elementor-element elementor-element-05dabd2 elementor-widget elementor-widget-heading\" data-id=\"05dabd2\" data-element_type=\"widget\" data-e-type=\"widget\" data-widget_type=\"heading.default\">\n\t\t\t\t<div class=\"elementor-widget-container\">\n\t\t\t\t\t<h4 class=\"elementor-heading-title elementor-size-default\">Uganda<\/h4>\t\t\t\t<\/div>\n\t\t\t\t<\/div>\n\t\t\t\t<div class=\"elementor-element elementor-element-fdad588 elementor-widget elementor-widget-heading\" data-id=\"fdad588\" data-element_type=\"widget\" data-e-type=\"widget\" data-widget_type=\"heading.default\">\n\t\t\t\t<div class=\"elementor-widget-container\">\n\t\t\t\t\t<h2 class=\"elementor-heading-title elementor-size-default\">WASH &#8211; De l&rsquo;eau et des puits pour l&rsquo;Ouganda<\/h2>\t\t\t\t<\/div>\n\t\t\t\t<\/div>\n\t\t\t\t<div class=\"elementor-element elementor-element-8ea256e elementor-widget elementor-widget-theme-post-excerpt\" data-id=\"8ea256e\" data-element_type=\"widget\" data-e-type=\"widget\" data-widget_type=\"theme-post-excerpt.default\">\n\t\t\t\t<div class=\"elementor-widget-container\">\n\t\t\t\t\tDes formations, 100 assainissements de puits, 10 forages, 20 r\u00e9servoirs d'eau et 10 installations d'irrigation sont pr\u00e9vus. Le projet pr\u00e9vu favorise l'hygi\u00e8ne, la sant\u00e9, l'agriculture et l'\u00e9levage ainsi que la s\u00e9curit\u00e9 alimentaire gr\u00e2ce \u00e0 l'acc\u00e8s \u00e0 l'eau.\t\t\t\t<\/div>\n\t\t\t\t<\/div>\n\t\t\t\t<div class=\"elementor-element elementor-element-e178512 elementor-widget elementor-widget-shortcode\" data-id=\"e178512\" data-element_type=\"widget\" data-e-type=\"widget\" data-widget_type=\"shortcode.default\">\n\t\t\t\t<div class=\"elementor-widget-container\">\n\t\t\t\t\t\t\t<div class=\"elementor-shortcode\">\n<div class=\"projekt-progress-bar\">\n\t<div class=\"bar-block\">\n\t\t<div class=\"max-bar-block\">\n\t\t\t<div class=\"current-bar-block\" style=\"width: calc(150000 \/ 300000 * 100% )\"><\/div>\n\t\t\t<\/div>\n\t<\/div>\n\t<p class=\"text-block\">\n\t\t\t<span>\n\t\tCHF 150'000\t\t<\/span>\n\t\t\t von CHF 300'000 gespendet\t<\/p>\n<\/div>\n<\/div>\n\t\t\t\t\t\t<\/div>\n\t\t\t\t<\/div>\n\t\t\t\t\t<\/div>\n\t\t<\/div>\n\t\t\t\t\t<\/div>\n\t\t<\/section>\n\t\t\t\t<\/div>\n\t\t\t\t<\/div>\n\t\t\n\t\t\t\t\t\t<\/div>\n\t\t\t\t<\/div>\n\t\t\t\t\t<\/div>\n\t\t<\/div>\n\t\t\t\t\t<\/div>\n\t\t<\/section>\n\t\t\t\t<section class=\"elementor-section elementor-top-section elementor-element elementor-element-1d445bf elementor-section-boxed elementor-section-height-default elementor-section-height-default\" data-id=\"1d445bf\" data-element_type=\"section\" data-e-type=\"section\" data-settings=\"{&quot;background_background&quot;:&quot;classic&quot;}\">\n\t\t\t\t\t\t<div class=\"elementor-container elementor-column-gap-default\">\n\t\t\t\t\t<div class=\"elementor-column elementor-col-100 elementor-top-column elementor-element elementor-element-29ba9642\" data-id=\"29ba9642\" data-element_type=\"column\" data-e-type=\"column\">\n\t\t\t<div class=\"elementor-widget-wrap elementor-element-populated\">\n\t\t\t\t\t\t<div class=\"elementor-element elementor-element-2a5f33da elementor-widget elementor-widget-heading\" data-id=\"2a5f33da\" data-element_type=\"widget\" data-e-type=\"widget\" data-widget_type=\"heading.default\">\n\t\t\t\t<div class=\"elementor-widget-container\">\n\t\t\t\t\t<h2 class=\"elementor-heading-title elementor-size-xl\">Weitere News-Beitr\u00e4ge<\/h2>\t\t\t\t<\/div>\n\t\t\t\t<\/div>\n\t\t\t\t<div class=\"elementor-element elementor-element-2142b13f elementor-grid-3 elementor-grid-tablet-2 elementor-grid-mobile-1 elementor-posts--thumbnail-top elementor-widget elementor-widget-posts\" data-id=\"2142b13f\" data-element_type=\"widget\" data-e-type=\"widget\" data-settings=\"{&quot;classic_columns&quot;:&quot;3&quot;,&quot;classic_columns_tablet&quot;:&quot;2&quot;,&quot;classic_columns_mobile&quot;:&quot;1&quot;,&quot;classic_row_gap&quot;:{&quot;unit&quot;:&quot;px&quot;,&quot;size&quot;:35,&quot;sizes&quot;:[]},&quot;classic_row_gap_laptop&quot;:{&quot;unit&quot;:&quot;px&quot;,&quot;size&quot;:&quot;&quot;,&quot;sizes&quot;:[]},&quot;classic_row_gap_tablet&quot;:{&quot;unit&quot;:&quot;px&quot;,&quot;size&quot;:&quot;&quot;,&quot;sizes&quot;:[]},&quot;classic_row_gap_mobile&quot;:{&quot;unit&quot;:&quot;px&quot;,&quot;size&quot;:&quot;&quot;,&quot;sizes&quot;:[]}}\" data-widget_type=\"posts.classic\">\n\t\t\t\t<div class=\"elementor-widget-container\">\n\t\t\t\t\t\t\t<div class=\"elementor-posts-container elementor-posts elementor-posts--skin-classic elementor-grid\" role=\"list\">\n\t\t\t\t<article class=\"elementor-post elementor-grid-item post-25142 post type-post status-publish format-standard has-post-thumbnail hentry category-news-schweizforafrika\" role=\"listitem\">\n\t\t\t\t<a class=\"elementor-post__thumbnail__link\" href=\"https:\/\/forafrika.ch\/fr\/news-schweizforafrika\/jahresbericht-2025\/\" tabindex=\"-1\">\n\t\t\t<div class=\"elementor-post__thumbnail\"><img decoding=\"async\" width=\"300\" height=\"200\" src=\"https:\/\/forafrika.ch\/wp-content\/uploads\/2026\/04\/patterns-5-300x200.png\" class=\"attachment-medium size-medium wp-image-25155\" alt=\"\" srcset=\"https:\/\/forafrika.ch\/wp-content\/uploads\/2026\/04\/patterns-5-300x200.png 300w, https:\/\/forafrika.ch\/wp-content\/uploads\/2026\/04\/patterns-5-1024x683.png 1024w, https:\/\/forafrika.ch\/wp-content\/uploads\/2026\/04\/patterns-5-768x512.png 768w, https:\/\/forafrika.ch\/wp-content\/uploads\/2026\/04\/patterns-5-1536x1024.png 1536w, https:\/\/forafrika.ch\/wp-content\/uploads\/2026\/04\/patterns-5-2048x1365.png 2048w\" sizes=\"(max-width: 300px) 100vw, 300px\" \/><\/div>\n\t\t<\/a>\n\t\t\t\t<div class=\"elementor-post__text\">\n\t\t\t\t<h3 class=\"elementor-post__title\">\n\t\t\t<a href=\"https:\/\/forafrika.ch\/fr\/news-schweizforafrika\/jahresbericht-2025\/\">\n\t\t\t\tJahresbericht 2025\t\t\t<\/a>\n\t\t<\/h3>\n\t\t\t\t<div class=\"elementor-post__meta-data\">\n\t\t\t\t\t<span class=\"elementor-post-date\">\n\t\t\t19 avril 2026\t\t<\/span>\n\t\t\t\t<\/div>\n\t\t\t\t<div class=\"elementor-post__excerpt\">\n\t\t\t<p>Mit grosser Dankbarkeit und Stolz pr\u00e4sentieren wir Ihnen unseren Jahresbericht f\u00fcr das vergangene Jahr. Ein Jahr, das trotz aller Herausforderungen von bemerkenswertem Fortschritt und unerm\u00fcdlichem Engagement gepr\u00e4gt war.\u200b<\/p>\n\t\t<\/div>\n\t\t\n\t\t<a class=\"elementor-post__read-more\" href=\"https:\/\/forafrika.ch\/fr\/news-schweizforafrika\/jahresbericht-2025\/\" aria-label=\"En savoir plus sur Jahresbericht 2025\" tabindex=\"-1\">\n\t\t\tWeiterlesen \u00bb\t\t<\/a>\n\n\t\t\t\t<\/div>\n\t\t\t\t<\/article>\n\t\t\t\t<article class=\"elementor-post elementor-grid-item post-22490 post type-post status-publish format-standard has-post-thumbnail hentry category-news-landwirtschaft category-news-schweizforafrika category-success-story\" role=\"listitem\">\n\t\t\t\t<a class=\"elementor-post__thumbnail__link\" href=\"https:\/\/forafrika.ch\/fr\/news-landwirtschaft\/madalena-traeumt-davon-krankenschwester-zu-werden\/\" tabindex=\"-1\">\n\t\t\t<div class=\"elementor-post__thumbnail\"><img loading=\"lazy\" decoding=\"async\" width=\"300\" height=\"167\" src=\"https:\/\/forafrika.ch\/wp-content\/uploads\/2025\/11\/Madalena-300x167.png\" class=\"attachment-medium size-medium wp-image-22492\" alt=\"\" srcset=\"https:\/\/forafrika.ch\/wp-content\/uploads\/2025\/11\/Madalena-300x167.png 300w, https:\/\/forafrika.ch\/wp-content\/uploads\/2025\/11\/Madalena-1024x570.png 1024w, https:\/\/forafrika.ch\/wp-content\/uploads\/2025\/11\/Madalena-768x427.png 768w, https:\/\/forafrika.ch\/wp-content\/uploads\/2025\/11\/Madalena.png 1281w\" sizes=\"(max-width: 300px) 100vw, 300px\" \/><\/div>\n\t\t<\/a>\n\t\t\t\t<div class=\"elementor-post__text\">\n\t\t\t\t<h3 class=\"elementor-post__title\">\n\t\t\t<a href=\"https:\/\/forafrika.ch\/fr\/news-landwirtschaft\/madalena-traeumt-davon-krankenschwester-zu-werden\/\">\n\t\t\t\tMadalena tr\u00e4umt davon Krankenschwester zu werden\t\t\t<\/a>\n\t\t<\/h3>\n\t\t\t\t<div class=\"elementor-post__meta-data\">\n\t\t\t\t\t<span class=\"elementor-post-date\">\n\t\t\t22 novembre 2025\t\t<\/span>\n\t\t\t\t<\/div>\n\t\t\t\t<div class=\"elementor-post__excerpt\">\n\t\t\t<p>Die elfj\u00e4hrige Madalena lebt mit ihren Eltern und f\u00fcnf Geschwistern in einem Dorf in Angola. Madalenas Schule wird von ForAfrika mit Schulmahlzeiten versorgt.<\/p>\n\t\t<\/div>\n\t\t\n\t\t<a class=\"elementor-post__read-more\" href=\"https:\/\/forafrika.ch\/fr\/news-landwirtschaft\/madalena-traeumt-davon-krankenschwester-zu-werden\/\" aria-label=\"En savoir plus sur Madalena tr\u00e4umt davon Krankenschwester zu werden\" tabindex=\"-1\">\n\t\t\tWeiterlesen \u00bb\t\t<\/a>\n\n\t\t\t\t<\/div>\n\t\t\t\t<\/article>\n\t\t\t\t<article class=\"elementor-post elementor-grid-item post-22468 post type-post status-publish format-standard has-post-thumbnail hentry category-news-schweizforafrika category-news-landwirtschaft category-success-story\" role=\"listitem\">\n\t\t\t\t<a class=\"elementor-post__thumbnail__link\" href=\"https:\/\/forafrika.ch\/fr\/news-schweizforafrika\/gartenbaukurs\/\" tabindex=\"-1\">\n\t\t\t<div class=\"elementor-post__thumbnail\"><img loading=\"lazy\" decoding=\"async\" width=\"300\" height=\"169\" src=\"https:\/\/forafrika.ch\/wp-content\/uploads\/2025\/11\/WEB_Moz2_Regina_edit_klein-300x169.jpeg\" class=\"attachment-medium size-medium wp-image-22465\" alt=\"\" srcset=\"https:\/\/forafrika.ch\/wp-content\/uploads\/2025\/11\/WEB_Moz2_Regina_edit_klein-300x169.jpeg 300w, https:\/\/forafrika.ch\/wp-content\/uploads\/2025\/11\/WEB_Moz2_Regina_edit_klein-1024x576.jpeg 1024w, https:\/\/forafrika.ch\/wp-content\/uploads\/2025\/11\/WEB_Moz2_Regina_edit_klein-768x432.jpeg 768w, https:\/\/forafrika.ch\/wp-content\/uploads\/2025\/11\/WEB_Moz2_Regina_edit_klein-1536x864.jpeg 1536w, https:\/\/forafrika.ch\/wp-content\/uploads\/2025\/11\/WEB_Moz2_Regina_edit_klein.jpeg 1920w\" sizes=\"(max-width: 300px) 100vw, 300px\" \/><\/div>\n\t\t<\/a>\n\t\t\t\t<div class=\"elementor-post__text\">\n\t\t\t\t<h3 class=\"elementor-post__title\">\n\t\t\t<a href=\"https:\/\/forafrika.ch\/fr\/news-schweizforafrika\/gartenbaukurs\/\">\n\t\t\t\tGartenbaukurs f\u00fcr Eltern an der Grundschule\t\t\t<\/a>\n\t\t<\/h3>\n\t\t\t\t<div class=\"elementor-post__meta-data\">\n\t\t\t\t\t<span class=\"elementor-post-date\">\n\t\t\t22 novembre 2025\t\t<\/span>\n\t\t\t\t<\/div>\n\t\t\t\t<div class=\"elementor-post__excerpt\">\n\t\t\t<p>Bildung der Kinder tr\u00e4gt Fr\u00fcchte bei Eltern in Mosambik<\/p>\n\t\t<\/div>\n\t\t\n\t\t<a class=\"elementor-post__read-more\" href=\"https:\/\/forafrika.ch\/fr\/news-schweizforafrika\/gartenbaukurs\/\" aria-label=\"En savoir plus sur Gartenbaukurs f\u00fcr Eltern an der Grundschule\" tabindex=\"-1\">\n\t\t\tWeiterlesen \u00bb\t\t<\/a>\n\n\t\t\t\t<\/div>\n\t\t\t\t<\/article>\n\t\t\t\t<article class=\"elementor-post elementor-grid-item post-22334 post type-post status-publish format-standard has-post-thumbnail hentry category-events category-news-schweizforafrika\" role=\"listitem\">\n\t\t\t\t<a class=\"elementor-post__thumbnail__link\" href=\"https:\/\/forafrika.ch\/fr\/news-schweizforafrika\/hikeforafrika2025\/\" tabindex=\"-1\">\n\t\t\t<div class=\"elementor-post__thumbnail\"><img loading=\"lazy\" decoding=\"async\" width=\"300\" height=\"169\" src=\"https:\/\/forafrika.ch\/wp-content\/uploads\/2025\/10\/Hike-300x169.jpg\" class=\"attachment-medium size-medium wp-image-22361\" alt=\"\" srcset=\"https:\/\/forafrika.ch\/wp-content\/uploads\/2025\/10\/Hike-300x169.jpg 300w, https:\/\/forafrika.ch\/wp-content\/uploads\/2025\/10\/Hike-768x432.jpg 768w, https:\/\/forafrika.ch\/wp-content\/uploads\/2025\/10\/Hike.jpg 960w\" sizes=\"(max-width: 300px) 100vw, 300px\" \/><\/div>\n\t\t<\/a>\n\t\t\t\t<div class=\"elementor-post__text\">\n\t\t\t\t<h3 class=\"elementor-post__title\">\n\t\t\t<a href=\"https:\/\/forafrika.ch\/fr\/news-schweizforafrika\/hikeforafrika2025\/\">\n\t\t\t\tHike ForAfrika 2025 &#8211; Mehr als 100 Teilnehmende wanderten f\u00fcr Afrika\t\t\t<\/a>\n\t\t<\/h3>\n\t\t\t\t<div class=\"elementor-post__meta-data\">\n\t\t\t\t\t<span class=\"elementor-post-date\">\n\t\t\t12 octobre 2025\t\t<\/span>\n\t\t\t\t<\/div>\n\t\t\t\t<div class=\"elementor-post__excerpt\">\n\t\t\t<p>Am 23. August 2025 war es wieder soweit: Der Hike ForAfrika 2025 f\u00fchrte \u00fcber 100 motivierte Teilnehmer:innen rund um den Z\u00fcrichsee \u2013 Schritt f\u00fcr Schritt, mit einem gemeinsamen Ziel: Leben in Afrika nachhaltig zu ver\u00e4ndern.<\/p>\n\t\t<\/div>\n\t\t\n\t\t<a class=\"elementor-post__read-more\" href=\"https:\/\/forafrika.ch\/fr\/news-schweizforafrika\/hikeforafrika2025\/\" aria-label=\"En savoir plus sur Hike ForAfrika 2025 &#8211; Mehr als 100 Teilnehmende wanderten f\u00fcr Afrika\" tabindex=\"-1\">\n\t\t\tWeiterlesen \u00bb\t\t<\/a>\n\n\t\t\t\t<\/div>\n\t\t\t\t<\/article>\n\t\t\t\t<article class=\"elementor-post elementor-grid-item post-22117 post type-post status-publish format-standard has-post-thumbnail hentry category-news-schweizforafrika\" role=\"listitem\">\n\t\t\t\t<a class=\"elementor-post__thumbnail__link\" href=\"https:\/\/forafrika.ch\/fr\/news-schweizforafrika\/jahresbericht-2024\/\" tabindex=\"-1\">\n\t\t\t<div class=\"elementor-post__thumbnail\"><img loading=\"lazy\" decoding=\"async\" width=\"300\" height=\"151\" src=\"https:\/\/forafrika.ch\/wp-content\/uploads\/2025\/09\/Tokollo-300x151.jpg\" class=\"attachment-medium size-medium wp-image-22172\" alt=\"\" srcset=\"https:\/\/forafrika.ch\/wp-content\/uploads\/2025\/09\/Tokollo-300x151.jpg 300w, https:\/\/forafrika.ch\/wp-content\/uploads\/2025\/09\/Tokollo.jpg 705w\" sizes=\"(max-width: 300px) 100vw, 300px\" \/><\/div>\n\t\t<\/a>\n\t\t\t\t<div class=\"elementor-post__text\">\n\t\t\t\t<h3 class=\"elementor-post__title\">\n\t\t\t<a href=\"https:\/\/forafrika.ch\/fr\/news-schweizforafrika\/jahresbericht-2024\/\">\n\t\t\t\tJahresbericht 2024\t\t\t<\/a>\n\t\t<\/h3>\n\t\t\t\t<div class=\"elementor-post__meta-data\">\n\t\t\t\t\t<span class=\"elementor-post-date\">\n\t\t\t23 septembre 2025\t\t<\/span>\n\t\t\t\t<\/div>\n\t\t\t\t<div class=\"elementor-post__excerpt\">\n\t\t\t<p>Mit grosser Dankbarkeit und Stolz pr\u00e4sentieren wir Ihnen unseren Jahresbericht f\u00fcr das vergangene Jahr. Ein Jahr, das trotz aller Herausforderungen von bemerkenswertem Fortschritt und unerm\u00fcdlichem Engagement gepr\u00e4gt war.\u200b<\/p>\n\t\t<\/div>\n\t\t\n\t\t<a class=\"elementor-post__read-more\" href=\"https:\/\/forafrika.ch\/fr\/news-schweizforafrika\/jahresbericht-2024\/\" aria-label=\"En savoir plus sur Jahresbericht 2024\" tabindex=\"-1\">\n\t\t\tWeiterlesen \u00bb\t\t<\/a>\n\n\t\t\t\t<\/div>\n\t\t\t\t<\/article>\n\t\t\t\t<article class=\"elementor-post elementor-grid-item post-21197 post type-post status-publish format-standard has-post-thumbnail hentry category-events\" role=\"listitem\">\n\t\t\t\t<a class=\"elementor-post__thumbnail__link\" href=\"https:\/\/forafrika.ch\/fr\/events\/kick-off\/\" tabindex=\"-1\">\n\t\t\t<div class=\"elementor-post__thumbnail\"><img loading=\"lazy\" decoding=\"async\" width=\"300\" height=\"169\" src=\"https:\/\/forafrika.ch\/wp-content\/uploads\/2025\/01\/Hike-1-300x169.jpg\" class=\"attachment-medium size-medium wp-image-22368\" alt=\"\" srcset=\"https:\/\/forafrika.ch\/wp-content\/uploads\/2025\/01\/Hike-1-300x169.jpg 300w, https:\/\/forafrika.ch\/wp-content\/uploads\/2025\/01\/Hike-1-768x432.jpg 768w, https:\/\/forafrika.ch\/wp-content\/uploads\/2025\/01\/Hike-1.jpg 960w\" sizes=\"(max-width: 300px) 100vw, 300px\" \/><\/div>\n\t\t<\/a>\n\t\t\t\t<div class=\"elementor-post__text\">\n\t\t\t\t<h3 class=\"elementor-post__title\">\n\t\t\t<a href=\"https:\/\/forafrika.ch\/fr\/events\/kick-off\/\">\n\t\t\t\tKick-Off Event Hilfseins\u00e4tze 2025\t\t\t<\/a>\n\t\t<\/h3>\n\t\t\t\t<div class=\"elementor-post__meta-data\">\n\t\t\t\t\t<span class=\"elementor-post-date\">\n\t\t\t19 janvier 2025\t\t<\/span>\n\t\t\t\t<\/div>\n\t\t\t\t<div class=\"elementor-post__excerpt\">\n\t\t\t<p>M\u00f6chtest du dieses Jahr etwas bewegen? Deine \u00c4rmel hochkrempeln und N\u00e4gel mit K\u00f6pfen machen? Dann werde Teil der Makeover FAmily und komme f\u00fcr eine Woche<\/p>\n\t\t<\/div>\n\t\t\n\t\t<a class=\"elementor-post__read-more\" href=\"https:\/\/forafrika.ch\/fr\/events\/kick-off\/\" aria-label=\"En savoir plus sur Kick-Off Event Hilfseins\u00e4tze 2025\" tabindex=\"-1\">\n\t\t\tWeiterlesen \u00bb\t\t<\/a>\n\n\t\t\t\t<\/div>\n\t\t\t\t<\/article>\n\t\t\t\t<\/div>\n\t\t\n\t\t\t\t\t\t<\/div>\n\t\t\t\t<\/div>\n\t\t\t\t\t<\/div>\n\t\t<\/div>\n\t\t\t\t\t<\/div>\n\t\t<\/section>\n\t\t\t\t<\/div>\n\t\t","protected":false},"excerpt":{"rendered":"<p>Die zwei Freunde zeigen stolz ihre heranwachsende Ernte, mit welcher sie Eigenst\u00e4ndigkeit zur\u00fcckgewinnen. Durch den Krieg getrennt und in den \u00ab\u00a0Friedensg\u00e4rten\u00a0\u00bb vereint, haben diese beiden Freunde ein neues Leben f\u00fcr sich und ihre Familien aufgebaut. Vom Krieg auseinandergerissen Pl\u00f6tzlich brach alles auseinander. Gewaltsam wurde den S\u00fcdsudanesen Peter Adumba und Peter Khemis nicht nur Besitz und [&hellip;]<\/p>\n","protected":false},"author":6,"featured_media":13111,"comment_status":"closed","ping_status":"open","sticky":false,"template":"","format":"standard","meta":{"_acf_changed":false,"footnotes":""},"categories":[15,23],"tags":[],"class_list":["post-13107","post","type-post","status-publish","format-standard","has-post-thumbnail","hentry","category-news-landwirtschaft","category-success-story"],"acf":[],"_links":{"self":[{"href":"https:\/\/forafrika.ch\/fr\/wp-json\/wp\/v2\/posts\/13107"}],"collection":[{"href":"https:\/\/forafrika.ch\/fr\/wp-json\/wp\/v2\/posts"}],"about":[{"href":"https:\/\/forafrika.ch\/fr\/wp-json\/wp\/v2\/types\/post"}],"author":[{"embeddable":true,"href":"https:\/\/forafrika.ch\/fr\/wp-json\/wp\/v2\/users\/6"}],"replies":[{"embeddable":true,"href":"https:\/\/forafrika.ch\/fr\/wp-json\/wp\/v2\/comments?post=13107"}],"version-history":[{"count":0,"href":"https:\/\/forafrika.ch\/fr\/wp-json\/wp\/v2\/posts\/13107\/revisions"}],"wp:featuredmedia":[{"embeddable":true,"href":"https:\/\/forafrika.ch\/fr\/wp-json\/wp\/v2\/media\/13111"}],"wp:attachment":[{"href":"https:\/\/forafrika.ch\/fr\/wp-json\/wp\/v2\/media?parent=13107"}],"wp:term":[{"taxonomy":"category","embeddable":true,"href":"https:\/\/forafrika.ch\/fr\/wp-json\/wp\/v2\/categories?post=13107"},{"taxonomy":"post_tag","embeddable":true,"href":"https:\/\/forafrika.ch\/fr\/wp-json\/wp\/v2\/tags?post=13107"}],"curies":[{"name":"wp","href":"https:\/\/api.w.org\/{rel}","templated":true}]}}