{"id":9968,"date":"2023-03-01T14:17:38","date_gmt":"2023-03-01T14:17:38","guid":{"rendered":"https:\/\/forafrika.ch\/non-classifiee\/plus-quune-goutte-deau-dans-la-mer\/"},"modified":"2023-07-25T09:50:29","modified_gmt":"2023-07-25T09:50:29","slug":"plus-quune-goutte-deau-dans-la-mer","status":"publish","type":"post","link":"https:\/\/forafrika.ch\/fr\/news-puits-et-eau\/plus-quune-goutte-deau-dans-la-mer\/","title":{"rendered":"Plus qu&rsquo;une goutte d&rsquo;eau dans la mer"},"content":{"rendered":"\t\t<div data-elementor-type=\"wp-post\" data-elementor-id=\"9968\" class=\"elementor elementor-9968 elementor-7436\" data-elementor-post-type=\"post\">\n\t\t\t\t\t\t<section class=\"elementor-section elementor-top-section elementor-element elementor-element-77aeaaf3 elementor-section-boxed elementor-section-height-default elementor-section-height-default\" data-id=\"77aeaaf3\" data-element_type=\"section\" data-e-type=\"section\">\n\t\t\t\t\t\t<div class=\"elementor-container elementor-column-gap-default\">\n\t\t\t\t\t<div class=\"elementor-column elementor-col-100 elementor-top-column elementor-element elementor-element-25469b14\" data-id=\"25469b14\" data-element_type=\"column\" data-e-type=\"column\">\n\t\t\t<div class=\"elementor-widget-wrap elementor-element-populated\">\n\t\t\t\t\t\t<div class=\"elementor-element elementor-element-1ab29952 elementor-widget__width-auto elementor-widget elementor-widget-heading\" data-id=\"1ab29952\" data-element_type=\"widget\" data-e-type=\"widget\" data-widget_type=\"heading.default\">\n\t\t\t\t<div class=\"elementor-widget-container\">\n\t\t\t\t\t<p class=\"elementor-heading-title elementor-size-default\">1 mars 2023<\/p>\t\t\t\t<\/div>\n\t\t\t\t<\/div>\n\t\t\t\t<div class=\"elementor-element elementor-element-394ce124 elementor-widget elementor-widget-heading\" data-id=\"394ce124\" data-element_type=\"widget\" data-e-type=\"widget\" data-widget_type=\"heading.default\">\n\t\t\t\t<div class=\"elementor-widget-container\">\n\t\t\t\t\t<h1 class=\"elementor-heading-title elementor-size-default\">Plus qu&rsquo;une goutte d&rsquo;eau dans la mer<\/h1>\t\t\t\t<\/div>\n\t\t\t\t<\/div>\n\t\t\t\t\t<\/div>\n\t\t<\/div>\n\t\t\t\t\t<\/div>\n\t\t<\/section>\n\t\t\t\t<section class=\"elementor-section elementor-top-section elementor-element elementor-element-34d767fd elementor-section-boxed elementor-section-height-default elementor-section-height-default\" data-id=\"34d767fd\" data-element_type=\"section\" data-e-type=\"section\">\n\t\t\t\t\t\t<div class=\"elementor-container elementor-column-gap-default\">\n\t\t\t\t\t<div class=\"elementor-column elementor-col-100 elementor-top-column elementor-element elementor-element-a706351\" data-id=\"a706351\" data-element_type=\"column\" data-e-type=\"column\">\n\t\t\t<div class=\"elementor-widget-wrap elementor-element-populated\">\n\t\t\t\t\t\t<div class=\"elementor-element elementor-element-73ae851f elementor-widget elementor-widget-spacer\" data-id=\"73ae851f\" data-element_type=\"widget\" data-e-type=\"widget\" data-widget_type=\"spacer.default\">\n\t\t\t\t<div class=\"elementor-widget-container\">\n\t\t\t\t\t\t\t<div class=\"elementor-spacer\">\n\t\t\t<div class=\"elementor-spacer-inner\"><\/div>\n\t\t<\/div>\n\t\t\t\t\t\t<\/div>\n\t\t\t\t<\/div>\n\t\t\t\t<div class=\"elementor-element elementor-element-fd20f86 elementor-widget elementor-widget-text-editor\" data-id=\"fd20f86\" data-element_type=\"widget\" data-e-type=\"widget\" data-widget_type=\"text-editor.default\">\n\t\t\t\t<div class=\"elementor-widget-container\">\n\t\t\t\t\t\t\t\t\t<p>La source d&rsquo;eau toute proche facilite grandement l&rsquo;irrigation du champ pour Harriet.<\/p>\n\t\t\t\t\t\t\t\t<\/div>\n\t\t\t\t<\/div>\n\t\t\t\t\t<\/div>\n\t\t<\/div>\n\t\t\t\t\t<\/div>\n\t\t<\/section>\n\t\t\t\t<section class=\"elementor-section elementor-top-section elementor-element elementor-element-c30f7b hero-einleitung elementor-section-boxed elementor-section-height-default elementor-section-height-default\" data-id=\"c30f7b\" data-element_type=\"section\" data-e-type=\"section\">\n\t\t\t\t\t\t<div class=\"elementor-container elementor-column-gap-default\">\n\t\t\t\t\t<div class=\"elementor-column elementor-col-100 elementor-top-column elementor-element elementor-element-1bc03fd9\" data-id=\"1bc03fd9\" data-element_type=\"column\" data-e-type=\"column\">\n\t\t\t<div class=\"elementor-widget-wrap elementor-element-populated\">\n\t\t\t\t\t\t<div class=\"elementor-element elementor-element-1591ad92 elementor-widget elementor-widget-heading\" data-id=\"1591ad92\" data-element_type=\"widget\" data-e-type=\"widget\" data-widget_type=\"heading.default\">\n\t\t\t\t<div class=\"elementor-widget-container\">\n\t\t\t\t\t<h3 class=\"elementor-heading-title elementor-size-large\">\"C'est une b\u00e9n\u00e9diction pour nous que ForAfrika ait r\u00e9par\u00e9 le puits de notre communaut\u00e9. ForAfrika nous a apport\u00e9 de l'espoir\".  <br>- Harriet Ayen (37 ans)<\/h3>\t\t\t\t<\/div>\n\t\t\t\t<\/div>\n\t\t\t\t<div class=\"elementor-element elementor-element-26ab04dc elementor-widget elementor-widget-text-editor\" data-id=\"26ab04dc\" data-element_type=\"widget\" data-e-type=\"widget\" data-widget_type=\"text-editor.default\">\n\t\t\t\t<div class=\"elementor-widget-container\">\n\t\t\t\t\t\t\t\t\t<div class=\"col-lg-4 col-md-4\">\n<div class=\"container\">\n<div class=\"row\">\n<div class=\"col-sm-12\">\n<div class=\"container\">\n<div class=\"row\">\n<div class=\"col-sm-12\">\n<h6><strong>L&rsquo;oubli est du pass\u00e9<\/strong><\/h6>\n<p>Harriet Ayen (37 ans) vit avec ses cinq enfants dans le village d&rsquo;Apeitiiri. Apeitiiri se trouve dans la province de Karamoja, au nord-est de l&rsquo;Ouganda, qui est \u00e9galement appel\u00e9e la <a href=\"https:\/\/english.ahram.org.eg\/News\/467921.aspx\" target=\"_blank\" rel=\"noopener\">\u00a0\u00bb r\u00e9gion oubli\u00e9e \u00ab\u00a0<\/a>. Harriet, elle aussi, se sentait oubli\u00e9. Mais cela a chang\u00e9 presque subitement au cours des derniers mois. Gr\u00e2ce \u00e0 des donateurs comme vous, Harriet peut \u00e0 nouveau se construire une vie ind\u00e9pendante.<\/p>\n<p>Les habitants de Karamoja souffrent depuis des ann\u00e9es de la s\u00e9cheresse et du manque d&rsquo;eau. Cela a un effet fatal, car la plupart des personnes vivant dans cette r\u00e9gion d\u00e9pendent de l&rsquo;\u00e9levage et de l&rsquo;agriculture. Harriet nous a racont\u00e9 :<em>\u00ab\u00a0Nous devions parcourir de longues distances pour trouver de l&rsquo;eau pour nos animaux et nos jardins\u00a0\u00bb.<\/em> Et c&rsquo;est ainsi que cette veuve de 37 ans s&rsquo;est battue pour vivre et tenter de nourrir ses cinq enfants. L&rsquo;automne dernier, nous avons pu r\u00e9habiliter plusieurs puits d\u00e9fectueux ou en forer de nouveaux dans la r\u00e9gion o\u00f9 vie Harriet. \u00ab\u00a0<em>C&rsquo;est une b\u00e9n\u00e9diction pour nous que ForAfrika ait r\u00e9par\u00e9 le puits de notre communaut\u00e9. ForAfrika nous a apport\u00e9 de l&rsquo;espoir et que Dieu vous b\u00e9nisse pour tout soutien ult\u00e9rieur\u00a0\u00bb.<\/em>Harriet est soulag\u00e9e.<\/p>\n<p>\u00ab\u00a0C&rsquo;est une b\u00e9n\u00e9diction pour nous que ForAfrika ait r\u00e9par\u00e9 le puits de notre communaut\u00e9\u00a0\u00bb. Harriet (37 ans)<\/p>\n<h6><strong>Une communaut\u00e9 s&rsquo;\u00e9panouit<\/strong><\/h6>\n<p>Harriet elle-m\u00eame dirige un groupe de 32 paysans et paysannes qui gagnent leur vie en cultivant des l\u00e9gumes et en \u00e9levant du b\u00e9tail. Ils partagent leurs connaissances et leurs ressources et s&rsquo;aident ainsi mutuellement. Gr\u00e2ce \u00e0 la r\u00e9novation de la fontaine, le groupe s&rsquo;\u00e9panouit d\u00e9sormais v\u00e9ritablement. Lokuri, une \u00e9leveuse de bovins du groupe, raconte avec enthousiasme que ses vaches produisent trois fois plus de lait que les autres. L&rsquo;agriculture se r\u00e9tablit et de nouveaux jardins peuvent \u00eatre cr\u00e9\u00e9s. Abala Kenneth, charg\u00e9 de la s\u00e9curit\u00e9 alimentaire chez ForAfrika, se r\u00e9jouit lui aussi de voir des plates-bandes bien vertes et juteuses et d\u00e9clare :<em>\u00ab\u00a0Il y a quelques mois encore, personne n&rsquo;aurait cru que quelque chose de vert pourrait pousser dans la r\u00e9gion oubli\u00e9e de Karamoja\u00a0\u00bb.<\/em><\/p>\n<\/div>\n<\/div>\n<\/div>\n<\/div>\n<\/div>\n<\/div>\n<\/div>\n\t\t\t\t\t\t\t\t<\/div>\n\t\t\t\t<\/div>\n\t\t\t\t\t<\/div>\n\t\t<\/div>\n\t\t\t\t\t<\/div>\n\t\t<\/section>\n\t\t\t\t<section class=\"elementor-section elementor-top-section elementor-element elementor-element-7ffcd844 elementor-section-boxed elementor-section-height-default elementor-section-height-default\" data-id=\"7ffcd844\" data-element_type=\"section\" data-e-type=\"section\">\n\t\t\t\t\t\t<div class=\"elementor-container elementor-column-gap-default\">\n\t\t\t\t\t<div class=\"elementor-column elementor-col-50 elementor-top-column elementor-element elementor-element-72d55e83\" data-id=\"72d55e83\" data-element_type=\"column\" data-e-type=\"column\">\n\t\t\t<div class=\"elementor-widget-wrap elementor-element-populated\">\n\t\t\t\t\t\t<div class=\"elementor-element elementor-element-70231a0b elementor-widget elementor-widget-image\" data-id=\"70231a0b\" data-element_type=\"widget\" data-e-type=\"widget\" data-widget_type=\"image.default\">\n\t\t\t\t<div class=\"elementor-widget-container\">\n\t\t\t\t\t\t\t\t\t\t\t\t\t\t\t<img fetchpriority=\"high\" decoding=\"async\" width=\"800\" height=\"600\" src=\"https:\/\/forafrika.ch\/wp-content\/uploads\/2023\/03\/IMG-20221008-WA0067_1440x1080-1024x768.jpg\" class=\"attachment-large size-large wp-image-8630\" alt=\"Verschmutztes Wasser Wasserstelle Hygiene Kanister\" srcset=\"https:\/\/forafrika.ch\/wp-content\/uploads\/2023\/03\/IMG-20221008-WA0067_1440x1080-1024x768.jpg 1024w, https:\/\/forafrika.ch\/wp-content\/uploads\/2023\/03\/IMG-20221008-WA0067_1440x1080-300x225.jpg 300w, https:\/\/forafrika.ch\/wp-content\/uploads\/2023\/03\/IMG-20221008-WA0067_1440x1080-768x576.jpg 768w, https:\/\/forafrika.ch\/wp-content\/uploads\/2023\/03\/IMG-20221008-WA0067_1440x1080.jpg 1440w\" sizes=\"(max-width: 800px) 100vw, 800px\" \/>\t\t\t\t\t\t\t\t\t\t\t\t\t\t\t<\/div>\n\t\t\t\t<\/div>\n\t\t\t\t<div class=\"elementor-element elementor-element-191aaf7f elementor-widget elementor-widget-text-editor\" data-id=\"191aaf7f\" data-element_type=\"widget\" data-e-type=\"widget\" data-widget_type=\"text-editor.default\">\n\t\t\t\t<div class=\"elementor-widget-container\">\n\t\t\t\t\t\t\t\t\t<p>Avant la r\u00e9novation, Harriet devait parcourir de longues distances avec de lourds bidons d&rsquo;eau pour pouvoir arroser le jardin.<\/p>\n\t\t\t\t\t\t\t\t<\/div>\n\t\t\t\t<\/div>\n\t\t\t\t\t<\/div>\n\t\t<\/div>\n\t\t\t\t<div class=\"elementor-column elementor-col-50 elementor-top-column elementor-element elementor-element-13b26609\" data-id=\"13b26609\" data-element_type=\"column\" data-e-type=\"column\">\n\t\t\t<div class=\"elementor-widget-wrap elementor-element-populated\">\n\t\t\t\t\t\t<div class=\"elementor-element elementor-element-70d8444f elementor-widget elementor-widget-image\" data-id=\"70d8444f\" data-element_type=\"widget\" data-e-type=\"widget\" data-widget_type=\"image.default\">\n\t\t\t\t<div class=\"elementor-widget-container\">\n\t\t\t\t\t\t\t\t\t\t\t\t\t\t\t<img decoding=\"async\" width=\"800\" height=\"534\" src=\"https:\/\/forafrika.ch\/wp-content\/uploads\/2023\/02\/Uganda_Omugo_Water_Sep2022_C_098-ST-L_1620x1080-1024x683.jpg\" class=\"attachment-large size-large wp-image-8611\" alt=\"\" srcset=\"https:\/\/forafrika.ch\/wp-content\/uploads\/2023\/02\/Uganda_Omugo_Water_Sep2022_C_098-ST-L_1620x1080-1024x683.jpg 1024w, https:\/\/forafrika.ch\/wp-content\/uploads\/2023\/02\/Uganda_Omugo_Water_Sep2022_C_098-ST-L_1620x1080-300x200.jpg 300w, https:\/\/forafrika.ch\/wp-content\/uploads\/2023\/02\/Uganda_Omugo_Water_Sep2022_C_098-ST-L_1620x1080-768x512.jpg 768w, https:\/\/forafrika.ch\/wp-content\/uploads\/2023\/02\/Uganda_Omugo_Water_Sep2022_C_098-ST-L_1620x1080-1536x1024.jpg 1536w, https:\/\/forafrika.ch\/wp-content\/uploads\/2023\/02\/Uganda_Omugo_Water_Sep2022_C_098-ST-L_1620x1080.jpg 1620w\" sizes=\"(max-width: 800px) 100vw, 800px\" \/>\t\t\t\t\t\t\t\t\t\t\t\t\t\t\t<\/div>\n\t\t\t\t<\/div>\n\t\t\t\t<div class=\"elementor-element elementor-element-c091a5a elementor-widget elementor-widget-text-editor\" data-id=\"c091a5a\" data-element_type=\"widget\" data-e-type=\"widget\" data-widget_type=\"text-editor.default\">\n\t\t\t\t<div class=\"elementor-widget-container\">\n\t\t\t\t\t\t\t\t\t<p>M\u00eame le b\u00e9tail peut d\u00e9sormais \u00eatre abreuv\u00e9 rapidement et facilement.<\/p>\n\t\t\t\t\t\t\t\t<\/div>\n\t\t\t\t<\/div>\n\t\t\t\t\t<\/div>\n\t\t<\/div>\n\t\t\t\t\t<\/div>\n\t\t<\/section>\n\t\t\t\t<section class=\"elementor-section elementor-top-section elementor-element elementor-element-30286072 elementor-section-boxed elementor-section-height-default elementor-section-height-default\" data-id=\"30286072\" data-element_type=\"section\" data-e-type=\"section\" data-settings=\"{&quot;background_background&quot;:&quot;classic&quot;}\">\n\t\t\t\t\t\t<div class=\"elementor-container elementor-column-gap-default\">\n\t\t\t\t\t<div class=\"elementor-column elementor-col-100 elementor-top-column elementor-element elementor-element-3d943b07\" data-id=\"3d943b07\" data-element_type=\"column\" data-e-type=\"column\">\n\t\t\t<div class=\"elementor-widget-wrap elementor-element-populated\">\n\t\t\t\t\t\t<div class=\"elementor-element elementor-element-50646817 elementor-widget elementor-widget-heading\" data-id=\"50646817\" data-element_type=\"widget\" data-e-type=\"widget\" data-widget_type=\"heading.default\">\n\t\t\t\t<div class=\"elementor-widget-container\">\n\t\t\t\t\t<h2 class=\"elementor-heading-title elementor-size-default\">Faire un don pour l'eau maintenant<\/h2>\t\t\t\t<\/div>\n\t\t\t\t<\/div>\n\t\t\t\t<div class=\"elementor-element elementor-element-1d957a44 elementor-widget__width-initial elementor-widget elementor-widget-text-editor\" data-id=\"1d957a44\" data-element_type=\"widget\" data-e-type=\"widget\" data-widget_type=\"text-editor.default\">\n\t\t\t\t<div class=\"elementor-widget-container\">\n\t\t\t\t\t\t\t\t\t<p>Faites un don d\u00e8s maintenant pour des projets de puits et contribuez \u00e0 la prosp\u00e9rit\u00e9 de l&rsquo;Afrique !<br \/>Les dons \u00e0 Suisse ForAfrika sont d\u00e9ductibles des imp\u00f4ts.<\/p>\n\t\t\t\t\t\t\t\t<\/div>\n\t\t\t\t<\/div>\n\t\t\t\t<div class=\"elementor-element elementor-element-20f220b2 elementor-widget elementor-widget-html\" data-id=\"20f220b2\" data-element_type=\"widget\" data-e-type=\"widget\" data-widget_type=\"html.default\">\n\t\t\t\t<div class=\"elementor-widget-container\">\n\t\t\t\t\t<div class=\"btns\">\n    <a class=\"btn btn-payrexx btn-payrexx-modal\" href=\"https:\/\/spende.forafrika.ch\/de\/pay?tid=9071ac5a&amp;invoice_amount=25&amp;invoice_number=Spende%20f%C3%BCr%20Wasser\">CHF 25\n    <\/a>\n    <a class=\"btn btn-payrexx btn-payrexx-modal\" href=\"https:\/\/spende.forafrika.ch\/de\/pay?tid=9071ac5a&amp;invoice_amount=50&amp;invoice_number=Spende%20f%C3%BCr%20Wasser\">CHF 50\n    <\/a>\n    <a class=\"btn btn-payrexx btn-payrexx-modal\" href=\"https:\/\/spende.forafrika.ch\/de\/pay?tid=9071ac5a&amp;invoice_amount=100&amp;invoice_number=Spende%20f%C3%BCr%20Wasser\">CHF 100\n    <\/a>\n    <a class=\"btn btn-payrexx btn-payrexx-modal\" href=\"https:\/\/spende.forafrika.ch\/de\/pay?tid=9071ac5a&amp;invoice_amount=300&amp;invoice_number=Spende%20f%C3%BCr%20Wasser\">CHF 300\n    <\/a>\n    <a class=\"btn btn-payrexx btn-payrexx-modal\" href=\"https:\/\/spende.forafrika.ch\/de\/pay?tid=9071ac5a&amp;invoice_amount=&amp;invoice_number=Spende%20f%C3%BCr%20Wasser\" data-href=\"https:\/\/spende.forafrika.ch\/de\/pay?tid=9071ac5a&amp;invoice_amount=&amp;invoice_number=Spende f\u00fcr Wasser\">Montant libre\n    <\/a>\n<\/div>\n\n<style>\n.btns{\n    text-align: center;\nline-height: 5\n}\n.btns .btn-payrexx{\n    position: relative;\n    color: #ffffff;\n    background-color: var(--e-global-color-accent);\n    padding: 22px 20px 33px;\n    margin: 0 5px 15px 5px;\n    font-size: 20px;\n    font-weight: 500;\n    border-radius: 5px;\n    line-height: 1.5\n}\n.btns .btn-payrexx span{\n    position: absolute;\n    width: 100%;\n    top: 44px;\n    left: 0;\n    font-size: 12px;\n    font-weight: 300;\n    text-align: center;\n    line-height: 1.5\n}\n.btns .btn-payrexx:hover{\n    background-color: var(--e-global-color-cbb3530);\n}\n\n<\/style>\t\t\t\t<\/div>\n\t\t\t\t<\/div>\n\t\t\t\t<div class=\"elementor-element elementor-element-265eae58 elementor-widget elementor-widget-image\" data-id=\"265eae58\" data-element_type=\"widget\" data-e-type=\"widget\" data-widget_type=\"image.default\">\n\t\t\t\t<div class=\"elementor-widget-container\">\n\t\t\t\t\t\t\t\t\t\t\t\t\t\t\t\t<a href=\"https:\/\/zewo.ch\/de\/npo-detail\/?relief_organization=schweiz-forafrika\" target=\"_blank\" rel=\"noopener\">\n\t\t\t\t\t\t\t<img decoding=\"async\" width=\"750\" height=\"188\" src=\"https:\/\/forafrika.ch\/wp-content\/uploads\/2022\/11\/ZEWO_Logo_Claim_D_4c.png\" class=\"attachment-large size-large wp-image-8280\" alt=\"\" srcset=\"https:\/\/forafrika.ch\/wp-content\/uploads\/2022\/11\/ZEWO_Logo_Claim_D_4c.png 750w, https:\/\/forafrika.ch\/wp-content\/uploads\/2022\/11\/ZEWO_Logo_Claim_D_4c-300x75.png 300w\" sizes=\"(max-width: 750px) 100vw, 750px\" \/>\t\t\t\t\t\t\t\t<\/a>\n\t\t\t\t\t\t\t\t\t\t\t\t\t\t\t<\/div>\n\t\t\t\t<\/div>\n\t\t\t\t\t<\/div>\n\t\t<\/div>\n\t\t\t\t\t<\/div>\n\t\t<\/section>\n\t\t\t\t<section class=\"elementor-section elementor-top-section elementor-element elementor-element-799deddc elementor-section-boxed elementor-section-height-default elementor-section-height-default\" data-id=\"799deddc\" data-element_type=\"section\" data-e-type=\"section\" data-settings=\"{&quot;background_background&quot;:&quot;gradient&quot;}\">\n\t\t\t\t\t\t<div class=\"elementor-container elementor-column-gap-default\">\n\t\t\t\t\t<div class=\"elementor-column elementor-col-100 elementor-top-column elementor-element elementor-element-18ad7b68\" data-id=\"18ad7b68\" data-element_type=\"column\" data-e-type=\"column\">\n\t\t\t<div class=\"elementor-widget-wrap elementor-element-populated\">\n\t\t\t\t\t\t<div class=\"elementor-element elementor-element-90b9313 elementor-widget elementor-widget-heading\" data-id=\"90b9313\" data-element_type=\"widget\" data-e-type=\"widget\" data-widget_type=\"heading.default\">\n\t\t\t\t<div class=\"elementor-widget-container\">\n\t\t\t\t\t<h2 class=\"elementor-heading-title elementor-size-default\">Plus d'articles de presse<\/h2>\t\t\t\t<\/div>\n\t\t\t\t<\/div>\n\t\t\t\t<div class=\"elementor-element elementor-element-b1f261c elementor-grid-3 elementor-grid-tablet-2 elementor-grid-mobile-1 elementor-posts--thumbnail-top elementor-widget elementor-widget-posts\" data-id=\"b1f261c\" data-element_type=\"widget\" data-e-type=\"widget\" data-settings=\"{&quot;classic_columns&quot;:&quot;3&quot;,&quot;classic_columns_tablet&quot;:&quot;2&quot;,&quot;classic_columns_mobile&quot;:&quot;1&quot;,&quot;classic_row_gap&quot;:{&quot;unit&quot;:&quot;px&quot;,&quot;size&quot;:35,&quot;sizes&quot;:[]},&quot;classic_row_gap_laptop&quot;:{&quot;unit&quot;:&quot;px&quot;,&quot;size&quot;:&quot;&quot;,&quot;sizes&quot;:[]},&quot;classic_row_gap_tablet&quot;:{&quot;unit&quot;:&quot;px&quot;,&quot;size&quot;:&quot;&quot;,&quot;sizes&quot;:[]},&quot;classic_row_gap_mobile&quot;:{&quot;unit&quot;:&quot;px&quot;,&quot;size&quot;:&quot;&quot;,&quot;sizes&quot;:[]}}\" data-widget_type=\"posts.classic\">\n\t\t\t\t<div class=\"elementor-widget-container\">\n\t\t\t\t\t\t\t<div class=\"elementor-posts-container elementor-posts elementor-posts--skin-classic elementor-grid\" role=\"list\">\n\t\t\t\t<article class=\"elementor-post elementor-grid-item post-25142 post type-post status-publish format-standard has-post-thumbnail hentry category-news-schweizforafrika\" role=\"listitem\">\n\t\t\t\t<a class=\"elementor-post__thumbnail__link\" href=\"https:\/\/forafrika.ch\/fr\/news-schweizforafrika\/jahresbericht-2025\/\" tabindex=\"-1\">\n\t\t\t<div class=\"elementor-post__thumbnail\"><img loading=\"lazy\" decoding=\"async\" width=\"300\" height=\"200\" src=\"https:\/\/forafrika.ch\/wp-content\/uploads\/2026\/04\/patterns-5-300x200.png\" class=\"attachment-medium size-medium wp-image-25155\" alt=\"\" srcset=\"https:\/\/forafrika.ch\/wp-content\/uploads\/2026\/04\/patterns-5-300x200.png 300w, https:\/\/forafrika.ch\/wp-content\/uploads\/2026\/04\/patterns-5-1024x683.png 1024w, https:\/\/forafrika.ch\/wp-content\/uploads\/2026\/04\/patterns-5-768x512.png 768w, https:\/\/forafrika.ch\/wp-content\/uploads\/2026\/04\/patterns-5-1536x1024.png 1536w, https:\/\/forafrika.ch\/wp-content\/uploads\/2026\/04\/patterns-5-2048x1365.png 2048w\" sizes=\"(max-width: 300px) 100vw, 300px\" \/><\/div>\n\t\t<\/a>\n\t\t\t\t<div class=\"elementor-post__text\">\n\t\t\t\t<h3 class=\"elementor-post__title\">\n\t\t\t<a href=\"https:\/\/forafrika.ch\/fr\/news-schweizforafrika\/jahresbericht-2025\/\">\n\t\t\t\tJahresbericht 2025\t\t\t<\/a>\n\t\t<\/h3>\n\t\t\t\t<div class=\"elementor-post__meta-data\">\n\t\t\t\t\t<span class=\"elementor-post-date\">\n\t\t\t19 avril 2026\t\t<\/span>\n\t\t\t\t<span class=\"elementor-post-avatar\">\n\t\t\tAucun commentaire\t\t<\/span>\n\t\t\t\t<\/div>\n\t\t\t\t<div class=\"elementor-post__excerpt\">\n\t\t\t<p>Mit grosser Dankbarkeit und Stolz pr\u00e4sentieren wir Ihnen unseren Jahresbericht f\u00fcr das vergangene Jahr. Ein Jahr, das trotz aller Herausforderungen von bemerkenswertem Fortschritt und unerm\u00fcdlichem Engagement gepr\u00e4gt war.\u200b<\/p>\n\t\t<\/div>\n\t\t\n\t\t<a class=\"elementor-post__read-more\" href=\"https:\/\/forafrika.ch\/fr\/news-schweizforafrika\/jahresbericht-2025\/\" aria-label=\"En savoir plus sur Jahresbericht 2025\" tabindex=\"-1\">\n\t\t\tLire la suite \"\t\t<\/a>\n\n\t\t\t\t<\/div>\n\t\t\t\t<\/article>\n\t\t\t\t<article class=\"elementor-post elementor-grid-item post-22490 post type-post status-publish format-standard has-post-thumbnail hentry category-news-landwirtschaft category-news-schweizforafrika category-success-story\" role=\"listitem\">\n\t\t\t\t<a class=\"elementor-post__thumbnail__link\" href=\"https:\/\/forafrika.ch\/fr\/news-landwirtschaft\/madalena-traeumt-davon-krankenschwester-zu-werden\/\" tabindex=\"-1\">\n\t\t\t<div class=\"elementor-post__thumbnail\"><img loading=\"lazy\" decoding=\"async\" width=\"300\" height=\"167\" src=\"https:\/\/forafrika.ch\/wp-content\/uploads\/2025\/11\/Madalena-300x167.png\" class=\"attachment-medium size-medium wp-image-22492\" alt=\"\" srcset=\"https:\/\/forafrika.ch\/wp-content\/uploads\/2025\/11\/Madalena-300x167.png 300w, https:\/\/forafrika.ch\/wp-content\/uploads\/2025\/11\/Madalena-1024x570.png 1024w, https:\/\/forafrika.ch\/wp-content\/uploads\/2025\/11\/Madalena-768x427.png 768w, https:\/\/forafrika.ch\/wp-content\/uploads\/2025\/11\/Madalena.png 1281w\" sizes=\"(max-width: 300px) 100vw, 300px\" \/><\/div>\n\t\t<\/a>\n\t\t\t\t<div class=\"elementor-post__text\">\n\t\t\t\t<h3 class=\"elementor-post__title\">\n\t\t\t<a href=\"https:\/\/forafrika.ch\/fr\/news-landwirtschaft\/madalena-traeumt-davon-krankenschwester-zu-werden\/\">\n\t\t\t\tMadalena tr\u00e4umt davon Krankenschwester zu werden\t\t\t<\/a>\n\t\t<\/h3>\n\t\t\t\t<div class=\"elementor-post__meta-data\">\n\t\t\t\t\t<span class=\"elementor-post-date\">\n\t\t\t22 novembre 2025\t\t<\/span>\n\t\t\t\t<span class=\"elementor-post-avatar\">\n\t\t\tAucun commentaire\t\t<\/span>\n\t\t\t\t<\/div>\n\t\t\t\t<div class=\"elementor-post__excerpt\">\n\t\t\t<p>Die elfj\u00e4hrige Madalena lebt mit ihren Eltern und f\u00fcnf Geschwistern in einem Dorf in Angola. Madalenas Schule wird von ForAfrika mit Schulmahlzeiten versorgt.<\/p>\n\t\t<\/div>\n\t\t\n\t\t<a class=\"elementor-post__read-more\" href=\"https:\/\/forafrika.ch\/fr\/news-landwirtschaft\/madalena-traeumt-davon-krankenschwester-zu-werden\/\" aria-label=\"En savoir plus sur Madalena tr\u00e4umt davon Krankenschwester zu werden\" tabindex=\"-1\">\n\t\t\tLire la suite \"\t\t<\/a>\n\n\t\t\t\t<\/div>\n\t\t\t\t<\/article>\n\t\t\t\t<article class=\"elementor-post elementor-grid-item post-22468 post type-post status-publish format-standard has-post-thumbnail hentry category-news-schweizforafrika category-news-landwirtschaft category-success-story\" role=\"listitem\">\n\t\t\t\t<a class=\"elementor-post__thumbnail__link\" href=\"https:\/\/forafrika.ch\/fr\/news-schweizforafrika\/gartenbaukurs\/\" tabindex=\"-1\">\n\t\t\t<div class=\"elementor-post__thumbnail\"><img loading=\"lazy\" decoding=\"async\" width=\"300\" height=\"169\" src=\"https:\/\/forafrika.ch\/wp-content\/uploads\/2025\/11\/WEB_Moz2_Regina_edit_klein-300x169.jpeg\" class=\"attachment-medium size-medium wp-image-22465\" alt=\"\" srcset=\"https:\/\/forafrika.ch\/wp-content\/uploads\/2025\/11\/WEB_Moz2_Regina_edit_klein-300x169.jpeg 300w, https:\/\/forafrika.ch\/wp-content\/uploads\/2025\/11\/WEB_Moz2_Regina_edit_klein-1024x576.jpeg 1024w, https:\/\/forafrika.ch\/wp-content\/uploads\/2025\/11\/WEB_Moz2_Regina_edit_klein-768x432.jpeg 768w, https:\/\/forafrika.ch\/wp-content\/uploads\/2025\/11\/WEB_Moz2_Regina_edit_klein-1536x864.jpeg 1536w, https:\/\/forafrika.ch\/wp-content\/uploads\/2025\/11\/WEB_Moz2_Regina_edit_klein.jpeg 1920w\" sizes=\"(max-width: 300px) 100vw, 300px\" \/><\/div>\n\t\t<\/a>\n\t\t\t\t<div class=\"elementor-post__text\">\n\t\t\t\t<h3 class=\"elementor-post__title\">\n\t\t\t<a href=\"https:\/\/forafrika.ch\/fr\/news-schweizforafrika\/gartenbaukurs\/\">\n\t\t\t\tGartenbaukurs f\u00fcr Eltern an der Grundschule\t\t\t<\/a>\n\t\t<\/h3>\n\t\t\t\t<div class=\"elementor-post__meta-data\">\n\t\t\t\t\t<span class=\"elementor-post-date\">\n\t\t\t22 novembre 2025\t\t<\/span>\n\t\t\t\t<span class=\"elementor-post-avatar\">\n\t\t\tAucun commentaire\t\t<\/span>\n\t\t\t\t<\/div>\n\t\t\t\t<div class=\"elementor-post__excerpt\">\n\t\t\t<p>Bildung der Kinder tr\u00e4gt Fr\u00fcchte bei Eltern in Mosambik<\/p>\n\t\t<\/div>\n\t\t\n\t\t<a class=\"elementor-post__read-more\" href=\"https:\/\/forafrika.ch\/fr\/news-schweizforafrika\/gartenbaukurs\/\" aria-label=\"En savoir plus sur Gartenbaukurs f\u00fcr Eltern an der Grundschule\" tabindex=\"-1\">\n\t\t\tLire la suite \"\t\t<\/a>\n\n\t\t\t\t<\/div>\n\t\t\t\t<\/article>\n\t\t\t\t<article class=\"elementor-post elementor-grid-item post-22334 post type-post status-publish format-standard has-post-thumbnail hentry category-events category-news-schweizforafrika\" role=\"listitem\">\n\t\t\t\t<a class=\"elementor-post__thumbnail__link\" href=\"https:\/\/forafrika.ch\/fr\/news-schweizforafrika\/hikeforafrika2025\/\" tabindex=\"-1\">\n\t\t\t<div class=\"elementor-post__thumbnail\"><img loading=\"lazy\" decoding=\"async\" width=\"300\" height=\"169\" src=\"https:\/\/forafrika.ch\/wp-content\/uploads\/2025\/10\/Hike-300x169.jpg\" class=\"attachment-medium size-medium wp-image-22361\" alt=\"\" srcset=\"https:\/\/forafrika.ch\/wp-content\/uploads\/2025\/10\/Hike-300x169.jpg 300w, https:\/\/forafrika.ch\/wp-content\/uploads\/2025\/10\/Hike-768x432.jpg 768w, https:\/\/forafrika.ch\/wp-content\/uploads\/2025\/10\/Hike.jpg 960w\" sizes=\"(max-width: 300px) 100vw, 300px\" \/><\/div>\n\t\t<\/a>\n\t\t\t\t<div class=\"elementor-post__text\">\n\t\t\t\t<h3 class=\"elementor-post__title\">\n\t\t\t<a href=\"https:\/\/forafrika.ch\/fr\/news-schweizforafrika\/hikeforafrika2025\/\">\n\t\t\t\tHike ForAfrika 2025 &#8211; Mehr als 100 Teilnehmende wanderten f\u00fcr Afrika\t\t\t<\/a>\n\t\t<\/h3>\n\t\t\t\t<div class=\"elementor-post__meta-data\">\n\t\t\t\t\t<span class=\"elementor-post-date\">\n\t\t\t12 octobre 2025\t\t<\/span>\n\t\t\t\t<span class=\"elementor-post-avatar\">\n\t\t\tAucun commentaire\t\t<\/span>\n\t\t\t\t<\/div>\n\t\t\t\t<div class=\"elementor-post__excerpt\">\n\t\t\t<p>Am 23. August 2025 war es wieder soweit: Der Hike ForAfrika 2025 f\u00fchrte \u00fcber 100 motivierte Teilnehmer:innen rund um den Z\u00fcrichsee \u2013 Schritt f\u00fcr Schritt, mit einem gemeinsamen Ziel: Leben in Afrika nachhaltig zu ver\u00e4ndern.<\/p>\n\t\t<\/div>\n\t\t\n\t\t<a class=\"elementor-post__read-more\" href=\"https:\/\/forafrika.ch\/fr\/news-schweizforafrika\/hikeforafrika2025\/\" aria-label=\"En savoir plus sur Hike ForAfrika 2025 &#8211; Mehr als 100 Teilnehmende wanderten f\u00fcr Afrika\" tabindex=\"-1\">\n\t\t\tLire la suite \"\t\t<\/a>\n\n\t\t\t\t<\/div>\n\t\t\t\t<\/article>\n\t\t\t\t<article class=\"elementor-post elementor-grid-item post-22117 post type-post status-publish format-standard has-post-thumbnail hentry category-news-schweizforafrika\" role=\"listitem\">\n\t\t\t\t<a class=\"elementor-post__thumbnail__link\" href=\"https:\/\/forafrika.ch\/fr\/news-schweizforafrika\/jahresbericht-2024\/\" tabindex=\"-1\">\n\t\t\t<div class=\"elementor-post__thumbnail\"><img loading=\"lazy\" decoding=\"async\" width=\"300\" height=\"151\" src=\"https:\/\/forafrika.ch\/wp-content\/uploads\/2025\/09\/Tokollo-300x151.jpg\" class=\"attachment-medium size-medium wp-image-22172\" alt=\"\" srcset=\"https:\/\/forafrika.ch\/wp-content\/uploads\/2025\/09\/Tokollo-300x151.jpg 300w, https:\/\/forafrika.ch\/wp-content\/uploads\/2025\/09\/Tokollo.jpg 705w\" sizes=\"(max-width: 300px) 100vw, 300px\" \/><\/div>\n\t\t<\/a>\n\t\t\t\t<div class=\"elementor-post__text\">\n\t\t\t\t<h3 class=\"elementor-post__title\">\n\t\t\t<a href=\"https:\/\/forafrika.ch\/fr\/news-schweizforafrika\/jahresbericht-2024\/\">\n\t\t\t\tJahresbericht 2024\t\t\t<\/a>\n\t\t<\/h3>\n\t\t\t\t<div class=\"elementor-post__meta-data\">\n\t\t\t\t\t<span class=\"elementor-post-date\">\n\t\t\t23 septembre 2025\t\t<\/span>\n\t\t\t\t<span class=\"elementor-post-avatar\">\n\t\t\tAucun commentaire\t\t<\/span>\n\t\t\t\t<\/div>\n\t\t\t\t<div class=\"elementor-post__excerpt\">\n\t\t\t<p>Mit grosser Dankbarkeit und Stolz pr\u00e4sentieren wir Ihnen unseren Jahresbericht f\u00fcr das vergangene Jahr. Ein Jahr, das trotz aller Herausforderungen von bemerkenswertem Fortschritt und unerm\u00fcdlichem Engagement gepr\u00e4gt war.\u200b<\/p>\n\t\t<\/div>\n\t\t\n\t\t<a class=\"elementor-post__read-more\" href=\"https:\/\/forafrika.ch\/fr\/news-schweizforafrika\/jahresbericht-2024\/\" aria-label=\"En savoir plus sur Jahresbericht 2024\" tabindex=\"-1\">\n\t\t\tLire la suite \"\t\t<\/a>\n\n\t\t\t\t<\/div>\n\t\t\t\t<\/article>\n\t\t\t\t<article class=\"elementor-post elementor-grid-item post-21197 post type-post status-publish format-standard has-post-thumbnail hentry category-events\" role=\"listitem\">\n\t\t\t\t<a class=\"elementor-post__thumbnail__link\" href=\"https:\/\/forafrika.ch\/fr\/events\/kick-off\/\" tabindex=\"-1\">\n\t\t\t<div class=\"elementor-post__thumbnail\"><img loading=\"lazy\" decoding=\"async\" width=\"300\" height=\"169\" src=\"https:\/\/forafrika.ch\/wp-content\/uploads\/2025\/01\/Hike-1-300x169.jpg\" class=\"attachment-medium size-medium wp-image-22368\" alt=\"\" srcset=\"https:\/\/forafrika.ch\/wp-content\/uploads\/2025\/01\/Hike-1-300x169.jpg 300w, https:\/\/forafrika.ch\/wp-content\/uploads\/2025\/01\/Hike-1-768x432.jpg 768w, https:\/\/forafrika.ch\/wp-content\/uploads\/2025\/01\/Hike-1.jpg 960w\" sizes=\"(max-width: 300px) 100vw, 300px\" \/><\/div>\n\t\t<\/a>\n\t\t\t\t<div class=\"elementor-post__text\">\n\t\t\t\t<h3 class=\"elementor-post__title\">\n\t\t\t<a href=\"https:\/\/forafrika.ch\/fr\/events\/kick-off\/\">\n\t\t\t\tKick-Off Event Hilfseins\u00e4tze 2025\t\t\t<\/a>\n\t\t<\/h3>\n\t\t\t\t<div class=\"elementor-post__meta-data\">\n\t\t\t\t\t<span class=\"elementor-post-date\">\n\t\t\t19 janvier 2025\t\t<\/span>\n\t\t\t\t<span class=\"elementor-post-avatar\">\n\t\t\tAucun commentaire\t\t<\/span>\n\t\t\t\t<\/div>\n\t\t\t\t<div class=\"elementor-post__excerpt\">\n\t\t\t<p>M\u00f6chtest du dieses Jahr etwas bewegen? Deine \u00c4rmel hochkrempeln und N\u00e4gel mit K\u00f6pfen machen? Dann werde Teil der Makeover FAmily und komme f\u00fcr eine Woche<\/p>\n\t\t<\/div>\n\t\t\n\t\t<a class=\"elementor-post__read-more\" href=\"https:\/\/forafrika.ch\/fr\/events\/kick-off\/\" aria-label=\"En savoir plus sur Kick-Off Event Hilfseins\u00e4tze 2025\" tabindex=\"-1\">\n\t\t\tLire la suite \"\t\t<\/a>\n\n\t\t\t\t<\/div>\n\t\t\t\t<\/article>\n\t\t\t\t<\/div>\n\t\t\n\t\t\t\t\t\t<\/div>\n\t\t\t\t<\/div>\n\t\t\t\t\t<\/div>\n\t\t<\/div>\n\t\t\t\t\t<\/div>\n\t\t<\/section>\n\t\t\t\t<\/div>\n\t\t","protected":false},"excerpt":{"rendered":"<p>Harriet Ayen (37 ans) vit avec ses cinq enfants dans le village d&rsquo;Apeitiiri. Apeitiiri se situe dans la province de Karamoja, au nord-est de l&rsquo;Ouganda, \u00e9galement appel\u00e9e la \u00ab\u00a0r\u00e9gion oubli\u00e9e\u00a0\u00bb. Et c&rsquo;est ainsi qu&rsquo;Harriet se sentait souvent oubli\u00e9e. Mais cela a chang\u00e9 presque subitement au cours des derniers mois.<\/p>\n","protected":false},"author":4,"featured_media":8636,"comment_status":"closed","ping_status":"open","sticky":false,"template":"","format":"standard","meta":{"_acf_changed":false,"footnotes":""},"categories":[49,50],"tags":[],"class_list":["post-9968","post","type-post","status-publish","format-standard","has-post-thumbnail","hentry","category-news-puits-et-eau","category-success-story"],"acf":[],"_links":{"self":[{"href":"https:\/\/forafrika.ch\/fr\/wp-json\/wp\/v2\/posts\/9968"}],"collection":[{"href":"https:\/\/forafrika.ch\/fr\/wp-json\/wp\/v2\/posts"}],"about":[{"href":"https:\/\/forafrika.ch\/fr\/wp-json\/wp\/v2\/types\/post"}],"author":[{"embeddable":true,"href":"https:\/\/forafrika.ch\/fr\/wp-json\/wp\/v2\/users\/4"}],"replies":[{"embeddable":true,"href":"https:\/\/forafrika.ch\/fr\/wp-json\/wp\/v2\/comments?post=9968"}],"version-history":[{"count":0,"href":"https:\/\/forafrika.ch\/fr\/wp-json\/wp\/v2\/posts\/9968\/revisions"}],"wp:featuredmedia":[{"embeddable":true,"href":"https:\/\/forafrika.ch\/fr\/wp-json\/wp\/v2\/media\/8636"}],"wp:attachment":[{"href":"https:\/\/forafrika.ch\/fr\/wp-json\/wp\/v2\/media?parent=9968"}],"wp:term":[{"taxonomy":"category","embeddable":true,"href":"https:\/\/forafrika.ch\/fr\/wp-json\/wp\/v2\/categories?post=9968"},{"taxonomy":"post_tag","embeddable":true,"href":"https:\/\/forafrika.ch\/fr\/wp-json\/wp\/v2\/tags?post=9968"}],"curies":[{"name":"wp","href":"https:\/\/api.w.org\/{rel}","templated":true}]}}