{"id":9974,"date":"2022-06-10T11:09:48","date_gmt":"2022-06-10T11:09:48","guid":{"rendered":"https:\/\/forafrika.ch\/non-classifiee\/eurico-une-carriere-dans-linformatique-grace-a-un-bol-de-bouillie\/"},"modified":"2023-03-27T14:34:40","modified_gmt":"2023-03-27T14:34:40","slug":"eurico-une-carriere-dans-linformatique-grace-a-un-bol-de-bouillie","status":"publish","type":"post","link":"https:\/\/forafrika.ch\/fr\/news-nutrition\/eurico-une-carriere-dans-linformatique-grace-a-un-bol-de-bouillie\/","title":{"rendered":"Eurico &#8211; Une carri\u00e8re dans l&rsquo;informatique gr\u00e2ce \u00e0 un bol de bouillie"},"content":{"rendered":"\t\t<div data-elementor-type=\"wp-post\" data-elementor-id=\"9974\" class=\"elementor elementor-9974 elementor-4612\" data-elementor-post-type=\"post\">\n\t\t\t\t\t\t<section class=\"elementor-section elementor-top-section elementor-element elementor-element-45e70600 elementor-section-boxed elementor-section-height-default elementor-section-height-default\" data-id=\"45e70600\" data-element_type=\"section\" data-e-type=\"section\">\n\t\t\t\t\t\t<div class=\"elementor-container elementor-column-gap-default\">\n\t\t\t\t\t<div class=\"elementor-column elementor-col-100 elementor-top-column elementor-element elementor-element-78931c00\" data-id=\"78931c00\" data-element_type=\"column\" data-e-type=\"column\">\n\t\t\t<div class=\"elementor-widget-wrap elementor-element-populated\">\n\t\t\t\t\t\t<div class=\"elementor-element elementor-element-9e06447 elementor-widget__width-auto elementor-widget elementor-widget-heading\" data-id=\"9e06447\" data-element_type=\"widget\" data-e-type=\"widget\" data-widget_type=\"heading.default\">\n\t\t\t\t<div class=\"elementor-widget-container\">\n\t\t\t\t\t<p class=\"elementor-heading-title elementor-size-default\">10 juin 2022<\/p>\t\t\t\t<\/div>\n\t\t\t\t<\/div>\n\t\t\t\t<div class=\"elementor-element elementor-element-28beae36 elementor-widget elementor-widget-heading\" data-id=\"28beae36\" data-element_type=\"widget\" data-e-type=\"widget\" data-widget_type=\"heading.default\">\n\t\t\t\t<div class=\"elementor-widget-container\">\n\t\t\t\t\t<h1 class=\"elementor-heading-title elementor-size-default\">Eurico &#8211; Une carri\u00e8re dans l&rsquo;informatique gr\u00e2ce \u00e0 un bol de bouillie<\/h1>\t\t\t\t<\/div>\n\t\t\t\t<\/div>\n\t\t\t\t\t<\/div>\n\t\t<\/div>\n\t\t\t\t\t<\/div>\n\t\t<\/section>\n\t\t\t\t<section class=\"elementor-section elementor-top-section elementor-element elementor-element-73572b99 elementor-section-boxed elementor-section-height-default elementor-section-height-default\" data-id=\"73572b99\" data-element_type=\"section\" data-e-type=\"section\">\n\t\t\t\t\t\t<div class=\"elementor-container elementor-column-gap-default\">\n\t\t\t\t\t<div class=\"elementor-column elementor-col-100 elementor-top-column elementor-element elementor-element-7298d26e\" data-id=\"7298d26e\" data-element_type=\"column\" data-e-type=\"column\">\n\t\t\t<div class=\"elementor-widget-wrap elementor-element-populated\">\n\t\t\t\t\t\t<div class=\"elementor-element elementor-element-7318fb6b elementor-widget elementor-widget-spacer\" data-id=\"7318fb6b\" data-element_type=\"widget\" data-e-type=\"widget\" data-widget_type=\"spacer.default\">\n\t\t\t\t<div class=\"elementor-widget-container\">\n\t\t\t\t\t\t\t<div class=\"elementor-spacer\">\n\t\t\t<div class=\"elementor-spacer-inner\"><\/div>\n\t\t<\/div>\n\t\t\t\t\t\t<\/div>\n\t\t\t\t<\/div>\n\t\t\t\t\t<\/div>\n\t\t<\/div>\n\t\t\t\t\t<\/div>\n\t\t<\/section>\n\t\t\t\t<section class=\"elementor-section elementor-top-section elementor-element elementor-element-1d5c3974 hero-einleitung elementor-section-boxed elementor-section-height-default elementor-section-height-default\" data-id=\"1d5c3974\" data-element_type=\"section\" data-e-type=\"section\">\n\t\t\t\t\t\t<div class=\"elementor-container elementor-column-gap-default\">\n\t\t\t\t\t<div class=\"elementor-column elementor-col-100 elementor-top-column elementor-element elementor-element-4daffe6a\" data-id=\"4daffe6a\" data-element_type=\"column\" data-e-type=\"column\">\n\t\t\t<div class=\"elementor-widget-wrap elementor-element-populated\">\n\t\t\t\t\t\t<div class=\"elementor-element elementor-element-1836a92c elementor-widget elementor-widget-heading\" data-id=\"1836a92c\" data-element_type=\"widget\" data-e-type=\"widget\" data-widget_type=\"heading.default\">\n\t\t\t\t<div class=\"elementor-widget-container\">\n\t\t\t\t\t<h3 class=\"elementor-heading-title elementor-size-large\">\"Je ne peux pas imaginer mon enfance sans l'aide de ForAfrika. Je pense qu'elle est arriv\u00e9e au bon moment pour influencer notre vie - sans elle, je serais probablement tomb\u00e9 malade ou j'aurais compl\u00e8tement d\u00e9riv\u00e9\". - Eurico Alberto<\/h3>\t\t\t\t<\/div>\n\t\t\t\t<\/div>\n\t\t\t\t<div class=\"elementor-element elementor-element-4402282f elementor-widget elementor-widget-text-editor\" data-id=\"4402282f\" data-element_type=\"widget\" data-e-type=\"widget\" data-widget_type=\"text-editor.default\">\n\t\t\t\t<div class=\"elementor-widget-container\">\n\t\t\t\t\t\t\t\t\t<div class=\"col-lg-4 col-md-4\">\n<div class=\"container\">\n<div class=\"row\">\n<div class=\"col-sm-12\">\n<div class=\"container\">\n<div class=\"row\">\n<div class=\"col-sm-12\">\n<div class=\"container\">\n<div class=\"row\">\n<div class=\"col-sm-12\">\n<div class=\"row\">\n<div class=\"col-sm-8\">\n<p>C&rsquo;est au milieu des \u00e9v\u00e9nements traumatisants de la guerre civile qu&rsquo;Eurico Alberto est n\u00e9 en 1989 dans la province de Benguela en Angola. La guerre qui faisait rage a contraint la famille \u00e0 fuir. Il se souvient de ses nuits blanches et de la peur des combats, ainsi que de sa faim, car la famille manquait tout simplement de nourriture.  <\/p>\n<p>Apr\u00e8s un certain temps, il est retourn\u00e9 dans son village de Lobito avec sa famille. Ses parents \u00e9taient d\u00e9sesp\u00e9r\u00e9s. Comment pourraient-ils construire un avenir pour leurs enfants ? Finalement, ils ont d\u00fb vendre la majeure partie de leurs biens par n\u00e9cessit\u00e9.<\/p>\n<p>Mais lorsque ForAfrika a lanc\u00e9 le programme de nutrition \u00e0 l&rsquo;\u00e9cole d&rsquo;Eurico \u00e0 Lobito, sa situation s&rsquo;est soudainement am\u00e9lior\u00e9e. Cela lui permettait non seulement d&rsquo;apaiser sa faim et de reprendre des forces, mais aussi d&rsquo;\u00eatre plus r\u00e9ceptif aux cours.<\/p>\n<p>\u00ab\u00a0Beaucoup d&rsquo;entre nous ont saisi l&rsquo;occasion, ont appris et acquis des connaissances qui nous seront utiles toute notre vie\u00a0\u00bb, raconte avec satisfaction le jeune homme \u00e2g\u00e9 aujourd&rsquo;hui de 32 ans. \u00ab\u00a0Je ne peux pas imaginer mon enfance sans l&rsquo;aide de ForAfrika. Je pense qu&rsquo;elle est arriv\u00e9e au bon moment pour influencer notre vie &#8211; sans elle, je serais probablement tomb\u00e9 malade ou j&rsquo;aurais compl\u00e8tement d\u00e9riv\u00e9\u00a0\u00bb, raconte le jeune homme. Eurico n&rsquo;est pas du tout \u00e0 la d\u00e9rive. Il a bien appris et a ensuite \u00e9tudi\u00e9 l&rsquo;informatique.<\/p>\n<\/div>\n<div class=\"col-sm-4\">Il y a quelques ann\u00e9es, il a pos\u00e9 sa candidature pour un poste dans le domaine de l&rsquo;informatique au sein d&rsquo;une organisation humanitaire, dans le but d&rsquo;aider d&rsquo;autres personnes, tout comme il avait \u00e9t\u00e9 aid\u00e9. Ce n&rsquo;est que lorsqu&rsquo;il a vu les barquettes rouges qu&rsquo;il a r\u00e9alis\u00e9 que l&rsquo;organisation pour laquelle il postulait \u00e9tait la m\u00eame que celle qui l&rsquo;avait nourri lorsqu&rsquo;il \u00e9tait enfant. \u00ab\u00a0J&rsquo;ai \u00e9t\u00e9 choqu\u00e9 et j&rsquo;avais du mal \u00e0 bouger les jambes \u00e0 la vue des barquettes rouges, qui avaient \u00e9t\u00e9 mon pain quotidien pendant des ann\u00e9es\u00a0\u00bb.  <\/div>\n<\/div>\n<\/div>\n<\/div>\n<\/div>\n<div class=\"container\">\n<div class=\"row\">\n<div class=\"col-sm-12\">\n<p>Aujourd&rsquo;hui, Euricio travaille pour ForAfrika Angola et est notre coll\u00e8gue de travail. Outre les t\u00e2ches informatiques, il se rend r\u00e9guli\u00e8rement sur le terrain, surveille les \u00e9coles et les puits dans le district de Boccoio et s&rsquo;investit corps et \u00e2me dans le d\u00e9veloppement de son pays. Il d\u00e9clare \u00e0 ce sujet : \u00ab\u00a0Je remercie ForAfrika de m&rsquo;avoir d&rsquo;abord donn\u00e9 de la nourriture, puis la possibilit\u00e9 d&rsquo;aider les autres ; j&rsquo;ai d\u00e9couvert le plaisir d&rsquo;aider les autres. J&rsquo;aime beaucoup mon travail !\u00a0\u00bb<\/p>\n<\/div>\n<\/div>\n<\/div>\n<\/div>\n<\/div>\n<\/div>\n<\/div>\n<\/div>\n<\/div>\n<\/div>\n\t\t\t\t\t\t\t\t<\/div>\n\t\t\t\t<\/div>\n\t\t\t\t\t<\/div>\n\t\t<\/div>\n\t\t\t\t\t<\/div>\n\t\t<\/section>\n\t\t\t\t<section class=\"elementor-section elementor-top-section elementor-element elementor-element-2097737 elementor-section-boxed elementor-section-height-default elementor-section-height-default\" data-id=\"2097737\" data-element_type=\"section\" data-e-type=\"section\">\n\t\t\t\t\t\t<div class=\"elementor-container elementor-column-gap-default\">\n\t\t\t\t\t<div class=\"elementor-column elementor-col-50 elementor-top-column elementor-element elementor-element-744d45f1\" data-id=\"744d45f1\" data-element_type=\"column\" data-e-type=\"column\">\n\t\t\t<div class=\"elementor-widget-wrap elementor-element-populated\">\n\t\t\t\t\t\t<div class=\"elementor-element elementor-element-33026b23 elementor-widget elementor-widget-image\" data-id=\"33026b23\" data-element_type=\"widget\" data-e-type=\"widget\" data-widget_type=\"image.default\">\n\t\t\t\t<div class=\"elementor-widget-container\">\n\t\t\t\t\t\t\t\t\t\t\t\t\t\t\t<img fetchpriority=\"high\" decoding=\"async\" width=\"800\" height=\"534\" src=\"https:\/\/forafrika.ch\/wp-content\/uploads\/2022\/04\/Eurico-Alberto-AngolaDSC01585_1919x1080-1024x683.jpg\" class=\"attachment-large size-large wp-image-8406\" alt=\"Eurico ForAfrika Mitarbeiter Successstory\" srcset=\"https:\/\/forafrika.ch\/wp-content\/uploads\/2022\/04\/Eurico-Alberto-AngolaDSC01585_1919x1080-1024x683.jpg 1024w, https:\/\/forafrika.ch\/wp-content\/uploads\/2022\/04\/Eurico-Alberto-AngolaDSC01585_1919x1080-300x200.jpg 300w, https:\/\/forafrika.ch\/wp-content\/uploads\/2022\/04\/Eurico-Alberto-AngolaDSC01585_1919x1080-768x512.jpg 768w, https:\/\/forafrika.ch\/wp-content\/uploads\/2022\/04\/Eurico-Alberto-AngolaDSC01585_1919x1080-1536x1024.jpg 1536w, https:\/\/forafrika.ch\/wp-content\/uploads\/2022\/04\/Eurico-Alberto-AngolaDSC01585_1919x1080.jpg 1620w\" sizes=\"(max-width: 800px) 100vw, 800px\" \/>\t\t\t\t\t\t\t\t\t\t\t\t\t\t\t<\/div>\n\t\t\t\t<\/div>\n\t\t\t\t<div class=\"elementor-element elementor-element-5273cbdf elementor-widget elementor-widget-text-editor\" data-id=\"5273cbdf\" data-element_type=\"widget\" data-e-type=\"widget\" data-widget_type=\"text-editor.default\">\n\t\t\t\t<div class=\"elementor-widget-container\">\n\t\t\t\t\t\t\t\t\t<p>Eurico (\u00e0 droite) lors d&rsquo;une mission sur le terrain<\/p>\n\t\t\t\t\t\t\t\t<\/div>\n\t\t\t\t<\/div>\n\t\t\t\t\t<\/div>\n\t\t<\/div>\n\t\t\t\t<div class=\"elementor-column elementor-col-50 elementor-top-column elementor-element elementor-element-1e50f715\" data-id=\"1e50f715\" data-element_type=\"column\" data-e-type=\"column\">\n\t\t\t<div class=\"elementor-widget-wrap elementor-element-populated\">\n\t\t\t\t\t\t<div class=\"elementor-element elementor-element-16e9ad86 elementor-widget elementor-widget-image\" data-id=\"16e9ad86\" data-element_type=\"widget\" data-e-type=\"widget\" data-widget_type=\"image.default\">\n\t\t\t\t<div class=\"elementor-widget-container\">\n\t\t\t\t\t\t\t\t\t\t\t\t\t\t\t<img decoding=\"async\" width=\"800\" height=\"600\" src=\"https:\/\/forafrika.ch\/wp-content\/uploads\/2023\/01\/Eurico-Alberto-Angola20200930_113638_1440x1080-1024x768.jpg\" class=\"attachment-large size-large wp-image-8395\" alt=\"\" srcset=\"https:\/\/forafrika.ch\/wp-content\/uploads\/2023\/01\/Eurico-Alberto-Angola20200930_113638_1440x1080-1024x768.jpg 1024w, https:\/\/forafrika.ch\/wp-content\/uploads\/2023\/01\/Eurico-Alberto-Angola20200930_113638_1440x1080-300x225.jpg 300w, https:\/\/forafrika.ch\/wp-content\/uploads\/2023\/01\/Eurico-Alberto-Angola20200930_113638_1440x1080-768x576.jpg 768w, https:\/\/forafrika.ch\/wp-content\/uploads\/2023\/01\/Eurico-Alberto-Angola20200930_113638_1440x1080.jpg 1440w\" sizes=\"(max-width: 800px) 100vw, 800px\" \/>\t\t\t\t\t\t\t\t\t\t\t\t\t\t\t<\/div>\n\t\t\t\t<\/div>\n\t\t\t\t<div class=\"elementor-element elementor-element-691680f0 elementor-widget elementor-widget-text-editor\" data-id=\"691680f0\" data-element_type=\"widget\" data-e-type=\"widget\" data-widget_type=\"text-editor.default\">\n\t\t\t\t<div class=\"elementor-widget-container\">\n\t\t\t\t\t\t\t\t\t<p>Eurico instruit et forme les adultes<\/p>\n\t\t\t\t\t\t\t\t<\/div>\n\t\t\t\t<\/div>\n\t\t\t\t\t<\/div>\n\t\t<\/div>\n\t\t\t\t\t<\/div>\n\t\t<\/section>\n\t\t\t\t<section class=\"elementor-section elementor-top-section elementor-element elementor-element-3328e73c elementor-section-boxed elementor-section-height-default elementor-section-height-default\" data-id=\"3328e73c\" data-element_type=\"section\" data-e-type=\"section\" data-settings=\"{&quot;background_background&quot;:&quot;classic&quot;}\">\n\t\t\t\t\t\t<div class=\"elementor-container elementor-column-gap-default\">\n\t\t\t\t\t<div class=\"elementor-column elementor-col-100 elementor-top-column elementor-element elementor-element-15cb051a\" data-id=\"15cb051a\" data-element_type=\"column\" data-e-type=\"column\">\n\t\t\t<div class=\"elementor-widget-wrap elementor-element-populated\">\n\t\t\t\t\t\t<div class=\"elementor-element elementor-element-6c5af3d5 elementor-widget elementor-widget-heading\" data-id=\"6c5af3d5\" data-element_type=\"widget\" data-e-type=\"widget\" data-widget_type=\"heading.default\">\n\t\t\t\t<div class=\"elementor-widget-container\">\n\t\t\t\t\t<h2 class=\"elementor-heading-title elementor-size-default\">Faites un don.<\/h2>\t\t\t\t<\/div>\n\t\t\t\t<\/div>\n\t\t\t\t<div class=\"elementor-element elementor-element-30672bae elementor-widget__width-initial elementor-widget elementor-widget-text-editor\" data-id=\"30672bae\" data-element_type=\"widget\" data-e-type=\"widget\" data-widget_type=\"text-editor.default\">\n\t\t\t\t<div class=\"elementor-widget-container\">\n\t\t\t\t\t\t\t\t\t<p>Faites un don maintenant et offrez aux \u00e9coliers la possibilit\u00e9 d&rsquo;un avenir meilleur. Il suffit de 114 CHF par an pour nourrir un \u00e9colier chaque jour d&rsquo;\u00e9cole.<\/p>\n<p>Les dons \u00e0 Suisse ForAfrika sont d\u00e9ductibles des imp\u00f4ts.<\/p>\n\t\t\t\t\t\t\t\t<\/div>\n\t\t\t\t<\/div>\n\t\t\t\t<section class=\"elementor-section elementor-inner-section elementor-element elementor-element-1e6f436 elementor-section-boxed elementor-section-height-default elementor-section-height-default\" data-id=\"1e6f436\" data-element_type=\"section\" data-e-type=\"section\">\n\t\t\t\t\t\t<div class=\"elementor-container elementor-column-gap-default\">\n\t\t\t\t\t<div class=\"elementor-column elementor-col-50 elementor-inner-column elementor-element elementor-element-855e230\" data-id=\"855e230\" data-element_type=\"column\" data-e-type=\"column\">\n\t\t\t<div class=\"elementor-widget-wrap elementor-element-populated\">\n\t\t\t\t\t\t<div class=\"elementor-element elementor-element-1afa38c5 elementor-widget elementor-widget-heading\" data-id=\"1afa38c5\" data-element_type=\"widget\" data-e-type=\"widget\" data-widget_type=\"heading.default\">\n\t\t\t\t<div class=\"elementor-widget-container\">\n\t\t\t\t\t<h3 class=\"elementor-heading-title elementor-size-default\">Parrainage scolaire<\/h3>\t\t\t\t<\/div>\n\t\t\t\t<\/div>\n\t\t\t\t<div class=\"elementor-element elementor-element-3eb23011 elementor-widget elementor-widget-html\" data-id=\"3eb23011\" data-element_type=\"widget\" data-e-type=\"widget\" data-widget_type=\"html.default\">\n\t\t\t\t<div class=\"elementor-widget-container\">\n\t\t\t\t\t<div class=\"btns\" style=\"  text-align: right;\">\n    <a class=\"btn btn-payrexx btn-payrexx-modal\" href=\"https:\/\/jamschweiz.payrexx.com\/fr\/pay?tid=bf06139d&amp;invoice_amount=19&amp;invoice_number=Nutrition - Parrainage\" data-href=\"https:\/\/jamschweiz.payrexx.com\/fr\/pay?tid=bf06139d&amp;invoice_amount=19&amp;invoice_number=Nutrition - Parrainage\" data- target=\"_blank\" rel=\"noopener\">CHF 19\n        <span>2 enfants<\/span>\n    <\/a>\n    <a class=\"btn btn-payrexx btn-payrexx-modal\" href=\"https:\/\/jamschweiz.payrexx.com\/fr\/pay?tid=bf06139d&amp;invoice_amount=38&amp;invoice_number=Nutrition - Parrainage\" data-href=\"https:\/\/jamschweiz.payrexx.com\/fr\/pay?tid=bf06139d&amp;invoice_amount=38&amp;invoice_number=Nutrition - Parrainage\" data- target=\"_blank\" rel=\"noopener\">CHF 38\n    <span>4 enfants<\/span>\n    <\/a>\n<a class=\"btn btn-payrexx btn-payrexx-modal\" href=\"https:\/\/jamschweiz.payrexx.com\/fr\/pay?tid=bf06139d&amp;invoice_amount=76&amp;invoice_number=Nutrition - Parrainage\" data-href=\"https:\/\/jamschweiz.payrexx.com\/fr\/pay?tid=bf06139d&amp;invoice_amount=76&amp;invoice_number=Nutrition - Parrainage\" data- target=\"_blank\" rel=\"noopener\">CHF 76\n    <span>8 enfants<\/span>\n    <\/a>\n    <a class=\"btn btn-payrexx btn-payrexx-modal\" href=\"https:\/\/jamschweiz.payrexx.com\/fr\/pay?tid=bf06139d&amp;invoice_number=Nutrition - Parrainage\" data-href=\"https:\/\/jamschweiz.payrexx.com\/fr\/pay?tid=bf06139d&amp;invoice_number=Nutrition - Parrainage\" data- target=\"_blank\" rel=\"noopener\">Montant libre<\/a>\n<\/div>\n\t\t\t\t<\/div>\n\t\t\t\t<\/div>\n\t\t\t\t<div class=\"elementor-element elementor-element-69e89f38 elementor-widget elementor-widget-text-editor\" data-id=\"69e89f38\" data-element_type=\"widget\" data-e-type=\"widget\" data-widget_type=\"text-editor.default\">\n\t\t\t\t<div class=\"elementor-widget-container\">\n\t\t\t\t\t\t\t\t\t<p>Montant par mois<\/p>\n\t\t\t\t\t\t\t\t<\/div>\n\t\t\t\t<\/div>\n\t\t\t\t\t<\/div>\n\t\t<\/div>\n\t\t\t\t<div class=\"elementor-column elementor-col-50 elementor-inner-column elementor-element elementor-element-eeb1516\" data-id=\"eeb1516\" data-element_type=\"column\" data-e-type=\"column\">\n\t\t\t<div class=\"elementor-widget-wrap elementor-element-populated\">\n\t\t\t\t\t\t<div class=\"elementor-element elementor-element-4ac40313 elementor-widget elementor-widget-heading\" data-id=\"4ac40313\" data-element_type=\"widget\" data-e-type=\"widget\" data-widget_type=\"heading.default\">\n\t\t\t\t<div class=\"elementor-widget-container\">\n\t\t\t\t\t<h3 class=\"elementor-heading-title elementor-size-default\">Don unique<\/h3>\t\t\t\t<\/div>\n\t\t\t\t<\/div>\n\t\t\t\t<div class=\"elementor-element elementor-element-4b0476c9 elementor-widget elementor-widget-html\" data-id=\"4b0476c9\" data-element_type=\"widget\" data-e-type=\"widget\" data-widget_type=\"html.default\">\n\t\t\t\t<div class=\"elementor-widget-container\">\n\t\t\t\t\t<div class=\"btns nospan\" style=\"  text-align: left;\">\n    <a class=\"btn btn-payrexx btn-payrexx-modal\" href=\"https:\/\/jamschweiz.payrexx.com\/fr\/pay?tid=9071ac5a&amp;invoice_amount=57&amp;invoice_number=Nutrition\" data-href=\"https:\/\/jamschweiz.payrexx.com\/fr\/pay?tid=9071ac5a&amp;invoice_amount=57&amp;invoice_number=Nutrition\" data- target=\"_blank\" rel=\"noopener\">CHF 57<span>1 enfant\/semestre<\/span>\n    <\/a>\n    \n    <a class=\"btn btn-payrexx btn-payrexx-modal\" href=\"https:\/\/jamschweiz.payrexx.com\/fr\/pay?tid=9071ac5a&amp;invoice_amount=114&amp;invoice_number=Nutrition\" data-href=\"https:\/\/jamschweiz.payrexx.com\/fr\/pay?tid=9071ac5a&amp;invoice_amount=114&amp;invoice_number=Nutrition\" data- target=\"_blank\" rel=\"noopener\">CHF 114<span>1 Enfant\/an<\/span>\n    <\/a>\n    \n    <a class=\"btn btn-payrexx btn-payrexx-modal\" href=\"https:\/\/jamschweiz.payrexx.com\/fr\/pay?tid=9071ac5a&amp;invoice_amount=342&amp;invoice_number=Nutrition\" data-href=\"https:\/\/jamschweiz.payrexx.com\/fr\/pay?tid=9071ac5a&amp;invoice_amount=342&amp;invoice_number=Nutrition\" data- target=\"_blank\" rel=\"noopener\">CHF 342<span>3 Enfants\/an<\/span>\n    <\/a>\n    \n    <a class=\"btn btn-payrexx btn-payrexx-modal\" href=\"https:\/\/jamschweiz.payrexx.com\/fr\/pay?tid=9071ac5a&amp;invoice_amount=&amp;invoice_number=Nutrition\" data-href=\"https:\/\/jamschweiz.payrexx.com\/fr\/pay?tid=9071ac5a&amp;invoice_amount=&amp;invoice_number=Nutrition\" data- target=\"_blank\" rel=\"noopener\">Montant libre\n    <\/a>\n    \n<\/div>\n\t\t\t\t<\/div>\n\t\t\t\t<\/div>\n\t\t\t\t<div class=\"elementor-element elementor-element-245bc89d elementor-widget elementor-widget-text-editor\" data-id=\"245bc89d\" data-element_type=\"widget\" data-e-type=\"widget\" data-widget_type=\"text-editor.default\">\n\t\t\t\t<div class=\"elementor-widget-container\">\n\t\t\t\t\t\t\t\t\t<p>Montant unique<\/p>\n\t\t\t\t\t\t\t\t<\/div>\n\t\t\t\t<\/div>\n\t\t\t\t\t<\/div>\n\t\t<\/div>\n\t\t\t\t\t<\/div>\n\t\t<\/section>\n\t\t\t\t\t<\/div>\n\t\t<\/div>\n\t\t\t\t\t<\/div>\n\t\t<\/section>\n\t\t\t\t<section class=\"elementor-section elementor-top-section elementor-element elementor-element-72fe1bd0 elementor-section-boxed elementor-section-height-default elementor-section-height-default\" data-id=\"72fe1bd0\" data-element_type=\"section\" data-e-type=\"section\">\n\t\t\t\t\t\t<div class=\"elementor-container elementor-column-gap-default\">\n\t\t\t\t\t<div class=\"elementor-column elementor-col-100 elementor-top-column elementor-element elementor-element-419e2d05\" data-id=\"419e2d05\" data-element_type=\"column\" data-e-type=\"column\">\n\t\t\t<div class=\"elementor-widget-wrap elementor-element-populated\">\n\t\t\t\t\t\t<div class=\"elementor-element elementor-element-1b1db24e elementor-widget elementor-widget-heading\" data-id=\"1b1db24e\" data-element_type=\"widget\" data-e-type=\"widget\" data-widget_type=\"heading.default\">\n\t\t\t\t<div class=\"elementor-widget-container\">\n\t\t\t\t\t<h2 class=\"elementor-heading-title elementor-size-default\">Plus d'articles de presse<\/h2>\t\t\t\t<\/div>\n\t\t\t\t<\/div>\n\t\t\t\t<div class=\"elementor-element elementor-element-6eb4beeb elementor-grid-3 elementor-grid-tablet-2 elementor-grid-mobile-1 elementor-posts--thumbnail-top elementor-widget elementor-widget-posts\" data-id=\"6eb4beeb\" data-element_type=\"widget\" data-e-type=\"widget\" data-settings=\"{&quot;classic_columns&quot;:&quot;3&quot;,&quot;classic_columns_tablet&quot;:&quot;2&quot;,&quot;classic_columns_mobile&quot;:&quot;1&quot;,&quot;classic_row_gap&quot;:{&quot;unit&quot;:&quot;px&quot;,&quot;size&quot;:35,&quot;sizes&quot;:[]},&quot;classic_row_gap_laptop&quot;:{&quot;unit&quot;:&quot;px&quot;,&quot;size&quot;:&quot;&quot;,&quot;sizes&quot;:[]},&quot;classic_row_gap_tablet&quot;:{&quot;unit&quot;:&quot;px&quot;,&quot;size&quot;:&quot;&quot;,&quot;sizes&quot;:[]},&quot;classic_row_gap_mobile&quot;:{&quot;unit&quot;:&quot;px&quot;,&quot;size&quot;:&quot;&quot;,&quot;sizes&quot;:[]}}\" data-widget_type=\"posts.classic\">\n\t\t\t\t<div class=\"elementor-widget-container\">\n\t\t\t\t\t\t\t<div class=\"elementor-posts-container elementor-posts elementor-posts--skin-classic elementor-grid\" role=\"list\">\n\t\t\t\t<article class=\"elementor-post elementor-grid-item post-25142 post type-post status-publish format-standard has-post-thumbnail hentry category-news-schweizforafrika\" role=\"listitem\">\n\t\t\t\t<a class=\"elementor-post__thumbnail__link\" href=\"https:\/\/forafrika.ch\/fr\/news-schweizforafrika\/jahresbericht-2025\/\" tabindex=\"-1\">\n\t\t\t<div class=\"elementor-post__thumbnail\"><img decoding=\"async\" width=\"300\" height=\"200\" src=\"https:\/\/forafrika.ch\/wp-content\/uploads\/2026\/04\/patterns-5-300x200.png\" class=\"attachment-medium size-medium wp-image-25155\" alt=\"\" srcset=\"https:\/\/forafrika.ch\/wp-content\/uploads\/2026\/04\/patterns-5-300x200.png 300w, https:\/\/forafrika.ch\/wp-content\/uploads\/2026\/04\/patterns-5-1024x683.png 1024w, https:\/\/forafrika.ch\/wp-content\/uploads\/2026\/04\/patterns-5-768x512.png 768w, https:\/\/forafrika.ch\/wp-content\/uploads\/2026\/04\/patterns-5-1536x1024.png 1536w, https:\/\/forafrika.ch\/wp-content\/uploads\/2026\/04\/patterns-5-2048x1365.png 2048w\" sizes=\"(max-width: 300px) 100vw, 300px\" \/><\/div>\n\t\t<\/a>\n\t\t\t\t<div class=\"elementor-post__text\">\n\t\t\t\t<h3 class=\"elementor-post__title\">\n\t\t\t<a href=\"https:\/\/forafrika.ch\/fr\/news-schweizforafrika\/jahresbericht-2025\/\">\n\t\t\t\tJahresbericht 2025\t\t\t<\/a>\n\t\t<\/h3>\n\t\t\t\t<div class=\"elementor-post__meta-data\">\n\t\t\t\t\t<span class=\"elementor-post-date\">\n\t\t\t19 avril 2026\t\t<\/span>\n\t\t\t\t<span class=\"elementor-post-avatar\">\n\t\t\tAucun commentaire\t\t<\/span>\n\t\t\t\t<\/div>\n\t\t\t\t<div class=\"elementor-post__excerpt\">\n\t\t\t<p>Mit grosser Dankbarkeit und Stolz pr\u00e4sentieren wir Ihnen unseren Jahresbericht f\u00fcr das vergangene Jahr. Ein Jahr, das trotz aller Herausforderungen von bemerkenswertem Fortschritt und unerm\u00fcdlichem Engagement gepr\u00e4gt war.\u200b<\/p>\n\t\t<\/div>\n\t\t\n\t\t<a class=\"elementor-post__read-more\" href=\"https:\/\/forafrika.ch\/fr\/news-schweizforafrika\/jahresbericht-2025\/\" aria-label=\"En savoir plus sur Jahresbericht 2025\" tabindex=\"-1\">\n\t\t\tLire la suite \"\t\t<\/a>\n\n\t\t\t\t<\/div>\n\t\t\t\t<\/article>\n\t\t\t\t<article class=\"elementor-post elementor-grid-item post-22490 post type-post status-publish format-standard has-post-thumbnail hentry category-news-landwirtschaft category-news-schweizforafrika category-success-story\" role=\"listitem\">\n\t\t\t\t<a class=\"elementor-post__thumbnail__link\" href=\"https:\/\/forafrika.ch\/fr\/news-landwirtschaft\/madalena-traeumt-davon-krankenschwester-zu-werden\/\" tabindex=\"-1\">\n\t\t\t<div class=\"elementor-post__thumbnail\"><img loading=\"lazy\" decoding=\"async\" width=\"300\" height=\"167\" src=\"https:\/\/forafrika.ch\/wp-content\/uploads\/2025\/11\/Madalena-300x167.png\" class=\"attachment-medium size-medium wp-image-22492\" alt=\"\" srcset=\"https:\/\/forafrika.ch\/wp-content\/uploads\/2025\/11\/Madalena-300x167.png 300w, https:\/\/forafrika.ch\/wp-content\/uploads\/2025\/11\/Madalena-1024x570.png 1024w, https:\/\/forafrika.ch\/wp-content\/uploads\/2025\/11\/Madalena-768x427.png 768w, https:\/\/forafrika.ch\/wp-content\/uploads\/2025\/11\/Madalena.png 1281w\" sizes=\"(max-width: 300px) 100vw, 300px\" \/><\/div>\n\t\t<\/a>\n\t\t\t\t<div class=\"elementor-post__text\">\n\t\t\t\t<h3 class=\"elementor-post__title\">\n\t\t\t<a href=\"https:\/\/forafrika.ch\/fr\/news-landwirtschaft\/madalena-traeumt-davon-krankenschwester-zu-werden\/\">\n\t\t\t\tMadalena tr\u00e4umt davon Krankenschwester zu werden\t\t\t<\/a>\n\t\t<\/h3>\n\t\t\t\t<div class=\"elementor-post__meta-data\">\n\t\t\t\t\t<span class=\"elementor-post-date\">\n\t\t\t22 novembre 2025\t\t<\/span>\n\t\t\t\t<span class=\"elementor-post-avatar\">\n\t\t\tAucun commentaire\t\t<\/span>\n\t\t\t\t<\/div>\n\t\t\t\t<div class=\"elementor-post__excerpt\">\n\t\t\t<p>Die elfj\u00e4hrige Madalena lebt mit ihren Eltern und f\u00fcnf Geschwistern in einem Dorf in Angola. Madalenas Schule wird von ForAfrika mit Schulmahlzeiten versorgt.<\/p>\n\t\t<\/div>\n\t\t\n\t\t<a class=\"elementor-post__read-more\" href=\"https:\/\/forafrika.ch\/fr\/news-landwirtschaft\/madalena-traeumt-davon-krankenschwester-zu-werden\/\" aria-label=\"En savoir plus sur Madalena tr\u00e4umt davon Krankenschwester zu werden\" tabindex=\"-1\">\n\t\t\tLire la suite \"\t\t<\/a>\n\n\t\t\t\t<\/div>\n\t\t\t\t<\/article>\n\t\t\t\t<article class=\"elementor-post elementor-grid-item post-22468 post type-post status-publish format-standard has-post-thumbnail hentry category-news-schweizforafrika category-news-landwirtschaft category-success-story\" role=\"listitem\">\n\t\t\t\t<a class=\"elementor-post__thumbnail__link\" href=\"https:\/\/forafrika.ch\/fr\/news-schweizforafrika\/gartenbaukurs\/\" tabindex=\"-1\">\n\t\t\t<div class=\"elementor-post__thumbnail\"><img loading=\"lazy\" decoding=\"async\" width=\"300\" height=\"169\" src=\"https:\/\/forafrika.ch\/wp-content\/uploads\/2025\/11\/WEB_Moz2_Regina_edit_klein-300x169.jpeg\" class=\"attachment-medium size-medium wp-image-22465\" alt=\"\" srcset=\"https:\/\/forafrika.ch\/wp-content\/uploads\/2025\/11\/WEB_Moz2_Regina_edit_klein-300x169.jpeg 300w, https:\/\/forafrika.ch\/wp-content\/uploads\/2025\/11\/WEB_Moz2_Regina_edit_klein-1024x576.jpeg 1024w, https:\/\/forafrika.ch\/wp-content\/uploads\/2025\/11\/WEB_Moz2_Regina_edit_klein-768x432.jpeg 768w, https:\/\/forafrika.ch\/wp-content\/uploads\/2025\/11\/WEB_Moz2_Regina_edit_klein-1536x864.jpeg 1536w, https:\/\/forafrika.ch\/wp-content\/uploads\/2025\/11\/WEB_Moz2_Regina_edit_klein.jpeg 1920w\" sizes=\"(max-width: 300px) 100vw, 300px\" \/><\/div>\n\t\t<\/a>\n\t\t\t\t<div class=\"elementor-post__text\">\n\t\t\t\t<h3 class=\"elementor-post__title\">\n\t\t\t<a href=\"https:\/\/forafrika.ch\/fr\/news-schweizforafrika\/gartenbaukurs\/\">\n\t\t\t\tGartenbaukurs f\u00fcr Eltern an der Grundschule\t\t\t<\/a>\n\t\t<\/h3>\n\t\t\t\t<div class=\"elementor-post__meta-data\">\n\t\t\t\t\t<span class=\"elementor-post-date\">\n\t\t\t22 novembre 2025\t\t<\/span>\n\t\t\t\t<span class=\"elementor-post-avatar\">\n\t\t\tAucun commentaire\t\t<\/span>\n\t\t\t\t<\/div>\n\t\t\t\t<div class=\"elementor-post__excerpt\">\n\t\t\t<p>Bildung der Kinder tr\u00e4gt Fr\u00fcchte bei Eltern in Mosambik<\/p>\n\t\t<\/div>\n\t\t\n\t\t<a class=\"elementor-post__read-more\" href=\"https:\/\/forafrika.ch\/fr\/news-schweizforafrika\/gartenbaukurs\/\" aria-label=\"En savoir plus sur Gartenbaukurs f\u00fcr Eltern an der Grundschule\" tabindex=\"-1\">\n\t\t\tLire la suite \"\t\t<\/a>\n\n\t\t\t\t<\/div>\n\t\t\t\t<\/article>\n\t\t\t\t<article class=\"elementor-post elementor-grid-item post-22334 post type-post status-publish format-standard has-post-thumbnail hentry category-events category-news-schweizforafrika\" role=\"listitem\">\n\t\t\t\t<a class=\"elementor-post__thumbnail__link\" href=\"https:\/\/forafrika.ch\/fr\/news-schweizforafrika\/hikeforafrika2025\/\" tabindex=\"-1\">\n\t\t\t<div class=\"elementor-post__thumbnail\"><img loading=\"lazy\" decoding=\"async\" width=\"300\" height=\"169\" src=\"https:\/\/forafrika.ch\/wp-content\/uploads\/2025\/10\/Hike-300x169.jpg\" class=\"attachment-medium size-medium wp-image-22361\" alt=\"\" srcset=\"https:\/\/forafrika.ch\/wp-content\/uploads\/2025\/10\/Hike-300x169.jpg 300w, https:\/\/forafrika.ch\/wp-content\/uploads\/2025\/10\/Hike-768x432.jpg 768w, https:\/\/forafrika.ch\/wp-content\/uploads\/2025\/10\/Hike.jpg 960w\" sizes=\"(max-width: 300px) 100vw, 300px\" \/><\/div>\n\t\t<\/a>\n\t\t\t\t<div class=\"elementor-post__text\">\n\t\t\t\t<h3 class=\"elementor-post__title\">\n\t\t\t<a href=\"https:\/\/forafrika.ch\/fr\/news-schweizforafrika\/hikeforafrika2025\/\">\n\t\t\t\tHike ForAfrika 2025 &#8211; Mehr als 100 Teilnehmende wanderten f\u00fcr Afrika\t\t\t<\/a>\n\t\t<\/h3>\n\t\t\t\t<div class=\"elementor-post__meta-data\">\n\t\t\t\t\t<span class=\"elementor-post-date\">\n\t\t\t12 octobre 2025\t\t<\/span>\n\t\t\t\t<span class=\"elementor-post-avatar\">\n\t\t\tAucun commentaire\t\t<\/span>\n\t\t\t\t<\/div>\n\t\t\t\t<div class=\"elementor-post__excerpt\">\n\t\t\t<p>Am 23. August 2025 war es wieder soweit: Der Hike ForAfrika 2025 f\u00fchrte \u00fcber 100 motivierte Teilnehmer:innen rund um den Z\u00fcrichsee \u2013 Schritt f\u00fcr Schritt, mit einem gemeinsamen Ziel: Leben in Afrika nachhaltig zu ver\u00e4ndern.<\/p>\n\t\t<\/div>\n\t\t\n\t\t<a class=\"elementor-post__read-more\" href=\"https:\/\/forafrika.ch\/fr\/news-schweizforafrika\/hikeforafrika2025\/\" aria-label=\"En savoir plus sur Hike ForAfrika 2025 &#8211; Mehr als 100 Teilnehmende wanderten f\u00fcr Afrika\" tabindex=\"-1\">\n\t\t\tLire la suite \"\t\t<\/a>\n\n\t\t\t\t<\/div>\n\t\t\t\t<\/article>\n\t\t\t\t<article class=\"elementor-post elementor-grid-item post-22117 post type-post status-publish format-standard has-post-thumbnail hentry category-news-schweizforafrika\" role=\"listitem\">\n\t\t\t\t<a class=\"elementor-post__thumbnail__link\" href=\"https:\/\/forafrika.ch\/fr\/news-schweizforafrika\/jahresbericht-2024\/\" tabindex=\"-1\">\n\t\t\t<div class=\"elementor-post__thumbnail\"><img loading=\"lazy\" decoding=\"async\" width=\"300\" height=\"151\" src=\"https:\/\/forafrika.ch\/wp-content\/uploads\/2025\/09\/Tokollo-300x151.jpg\" class=\"attachment-medium size-medium wp-image-22172\" alt=\"\" srcset=\"https:\/\/forafrika.ch\/wp-content\/uploads\/2025\/09\/Tokollo-300x151.jpg 300w, https:\/\/forafrika.ch\/wp-content\/uploads\/2025\/09\/Tokollo.jpg 705w\" sizes=\"(max-width: 300px) 100vw, 300px\" \/><\/div>\n\t\t<\/a>\n\t\t\t\t<div class=\"elementor-post__text\">\n\t\t\t\t<h3 class=\"elementor-post__title\">\n\t\t\t<a href=\"https:\/\/forafrika.ch\/fr\/news-schweizforafrika\/jahresbericht-2024\/\">\n\t\t\t\tJahresbericht 2024\t\t\t<\/a>\n\t\t<\/h3>\n\t\t\t\t<div class=\"elementor-post__meta-data\">\n\t\t\t\t\t<span class=\"elementor-post-date\">\n\t\t\t23 septembre 2025\t\t<\/span>\n\t\t\t\t<span class=\"elementor-post-avatar\">\n\t\t\tAucun commentaire\t\t<\/span>\n\t\t\t\t<\/div>\n\t\t\t\t<div class=\"elementor-post__excerpt\">\n\t\t\t<p>Mit grosser Dankbarkeit und Stolz pr\u00e4sentieren wir Ihnen unseren Jahresbericht f\u00fcr das vergangene Jahr. Ein Jahr, das trotz aller Herausforderungen von bemerkenswertem Fortschritt und unerm\u00fcdlichem Engagement gepr\u00e4gt war.\u200b<\/p>\n\t\t<\/div>\n\t\t\n\t\t<a class=\"elementor-post__read-more\" href=\"https:\/\/forafrika.ch\/fr\/news-schweizforafrika\/jahresbericht-2024\/\" aria-label=\"En savoir plus sur Jahresbericht 2024\" tabindex=\"-1\">\n\t\t\tLire la suite \"\t\t<\/a>\n\n\t\t\t\t<\/div>\n\t\t\t\t<\/article>\n\t\t\t\t<article class=\"elementor-post elementor-grid-item post-21197 post type-post status-publish format-standard has-post-thumbnail hentry category-events\" role=\"listitem\">\n\t\t\t\t<a class=\"elementor-post__thumbnail__link\" href=\"https:\/\/forafrika.ch\/fr\/events\/kick-off\/\" tabindex=\"-1\">\n\t\t\t<div class=\"elementor-post__thumbnail\"><img loading=\"lazy\" decoding=\"async\" width=\"300\" height=\"169\" src=\"https:\/\/forafrika.ch\/wp-content\/uploads\/2025\/01\/Hike-1-300x169.jpg\" class=\"attachment-medium size-medium wp-image-22368\" alt=\"\" srcset=\"https:\/\/forafrika.ch\/wp-content\/uploads\/2025\/01\/Hike-1-300x169.jpg 300w, https:\/\/forafrika.ch\/wp-content\/uploads\/2025\/01\/Hike-1-768x432.jpg 768w, https:\/\/forafrika.ch\/wp-content\/uploads\/2025\/01\/Hike-1.jpg 960w\" sizes=\"(max-width: 300px) 100vw, 300px\" \/><\/div>\n\t\t<\/a>\n\t\t\t\t<div class=\"elementor-post__text\">\n\t\t\t\t<h3 class=\"elementor-post__title\">\n\t\t\t<a href=\"https:\/\/forafrika.ch\/fr\/events\/kick-off\/\">\n\t\t\t\tKick-Off Event Hilfseins\u00e4tze 2025\t\t\t<\/a>\n\t\t<\/h3>\n\t\t\t\t<div class=\"elementor-post__meta-data\">\n\t\t\t\t\t<span class=\"elementor-post-date\">\n\t\t\t19 janvier 2025\t\t<\/span>\n\t\t\t\t<span class=\"elementor-post-avatar\">\n\t\t\tAucun commentaire\t\t<\/span>\n\t\t\t\t<\/div>\n\t\t\t\t<div class=\"elementor-post__excerpt\">\n\t\t\t<p>M\u00f6chtest du dieses Jahr etwas bewegen? Deine \u00c4rmel hochkrempeln und N\u00e4gel mit K\u00f6pfen machen? Dann werde Teil der Makeover FAmily und komme f\u00fcr eine Woche<\/p>\n\t\t<\/div>\n\t\t\n\t\t<a class=\"elementor-post__read-more\" href=\"https:\/\/forafrika.ch\/fr\/events\/kick-off\/\" aria-label=\"En savoir plus sur Kick-Off Event Hilfseins\u00e4tze 2025\" tabindex=\"-1\">\n\t\t\tLire la suite \"\t\t<\/a>\n\n\t\t\t\t<\/div>\n\t\t\t\t<\/article>\n\t\t\t\t<\/div>\n\t\t\n\t\t\t\t\t\t<\/div>\n\t\t\t\t<\/div>\n\t\t\t\t\t<\/div>\n\t\t<\/div>\n\t\t\t\t\t<\/div>\n\t\t<\/section>\n\t\t\t\t<\/div>\n\t\t","protected":false},"excerpt":{"rendered":"<p>\u00ab\u00a0Je ne peux pas imaginer mon enfance sans l&rsquo;aide de ForAfrika. Je pense qu&rsquo;elle est arriv\u00e9e au bon moment pour influencer notre vie &#8211; sans elle, je serais probablement tomb\u00e9 malade ou j&rsquo;aurais compl\u00e8tement d\u00e9riv\u00e9\u00a0\u00bb. &#8211; Eurico Alberto C&rsquo;est au milieu des \u00e9v\u00e9nements traumatisants de la guerre civile qu&rsquo;Eurico Alberto est n\u00e9 en 1989 dans [&hellip;]<\/p>\n","protected":false},"author":4,"featured_media":8394,"comment_status":"closed","ping_status":"open","sticky":false,"template":"elementor_header_footer","format":"standard","meta":{"_acf_changed":false,"footnotes":""},"categories":[13,52,50,23],"tags":[],"class_list":["post-9974","post","type-post","status-publish","format-standard","has-post-thumbnail","hentry","category-news-ernaehrung","category-news-nutrition","category-success-story"],"acf":[],"_links":{"self":[{"href":"https:\/\/forafrika.ch\/fr\/wp-json\/wp\/v2\/posts\/9974"}],"collection":[{"href":"https:\/\/forafrika.ch\/fr\/wp-json\/wp\/v2\/posts"}],"about":[{"href":"https:\/\/forafrika.ch\/fr\/wp-json\/wp\/v2\/types\/post"}],"author":[{"embeddable":true,"href":"https:\/\/forafrika.ch\/fr\/wp-json\/wp\/v2\/users\/4"}],"replies":[{"embeddable":true,"href":"https:\/\/forafrika.ch\/fr\/wp-json\/wp\/v2\/comments?post=9974"}],"version-history":[{"count":0,"href":"https:\/\/forafrika.ch\/fr\/wp-json\/wp\/v2\/posts\/9974\/revisions"}],"wp:featuredmedia":[{"embeddable":true,"href":"https:\/\/forafrika.ch\/fr\/wp-json\/wp\/v2\/media\/8394"}],"wp:attachment":[{"href":"https:\/\/forafrika.ch\/fr\/wp-json\/wp\/v2\/media?parent=9974"}],"wp:term":[{"taxonomy":"category","embeddable":true,"href":"https:\/\/forafrika.ch\/fr\/wp-json\/wp\/v2\/categories?post=9974"},{"taxonomy":"post_tag","embeddable":true,"href":"https:\/\/forafrika.ch\/fr\/wp-json\/wp\/v2\/tags?post=9974"}],"curies":[{"name":"wp","href":"https:\/\/api.w.org\/{rel}","templated":true}]}}